{"id":10317,"date":"2016-11-06T13:14:07","date_gmt":"2016-11-06T12:14:07","guid":{"rendered":"http:\/\/www.stellamina.com\/?p=10317"},"modified":"2016-11-06T13:14:07","modified_gmt":"2016-11-06T12:14:07","slug":"kaufen-trifft-brauchen","status":"publish","type":"post","link":"https:\/\/www.stellamina.com\/portfolio\/kaufen-trifft-brauchen\/","title":{"rendered":"Du solltest doch nur kaufen, was wir wirklich brauchen!"},"content":{"rendered":"<p style=\"text-align: justify;\">Wie oft bis du nach dem Einkaufen schon nach Hause gekommen, und hattest auf einmal mehr in der Tasche als gewollt? Wie oft hast du dir schon Listen geschrieben, und sie dann doch spontan erweitert?Es sind die Preisschilder mit einem roten oder gelben Sticker\u00a0versehen &#8211; minus 30%, minus 50% schreien sie uns an. Preisschilder die mit der xx,99 vermitteln wollen, wie g\u00fcnstig das Produkt nicht ist und Dinge im Regal so angeordnet, dass man fast nicht anders kann, als eben mal schnell zuzugreifen&#8230;.\u00a0Die Verkaufs-Fuzzis sind schlau. Aber wir sind schlauer &#8211; wenn wir nur wollen!<\/p>\n<p style=\"text-align: justify;\"><img loading=\"lazy\" decoding=\"async\" class=\"aligncenter wp-image-10340 size-full\" src=\"https:\/\/i0.wp.com\/www.stellamina.com\/wp-content\/uploads\/2016\/11\/Kaufrausch-5-von-12-1.jpg?resize=1300%2C867\" width=\"1300\" height=\"867\" data-recalc-dims=\"1\" \/><\/p>\n<p style=\"text-align: justify;\">Vor zwei Wochen war ich zu meinem Geburtstag in Linz zu Besuch bei meinen Eltern. Von meiner Mutter habe ich mir eine einzige Sache gew\u00fcnscht, neben ihrer Zeit, einen Kuschelpulli f\u00fcr den Winter. Fair und vegan sollte er auch noch sein&#8230;\u00a0Also haben wir uns auf den Weg in die Stadt, und auf die Suche, nach solch einem Pulli, gemacht. Schon auf den ersten Metern habe ich in einem Hauseingang diese Cartoons entdeckt und musste einfach stehen bleiben. Ich glaube zwar nicht dass sie ausschlaggebend daf\u00fcr waren, dass wir an diesem Tag keinen Pulli gekauft haben, aber sie haben mich an ein Thema erinnert, das vor allem in der Advent- und Weihnachtszeit all zu oft in Vergessenheit ger\u00e4t.\u00a0<em>&#8220;Was brauchen wir wirklich?&#8221;\u00a0<\/em><\/p>\n<p style=\"text-align: justify;\"><img loading=\"lazy\" decoding=\"async\" class=\"aligncenter wp-image-10337 size-full\" src=\"https:\/\/i0.wp.com\/www.stellamina.com\/wp-content\/uploads\/2016\/11\/Kaufrausch-2-von-12-1.jpg?resize=1300%2C867\" alt=\"kaufrausch-2-von-12\" width=\"1300\" height=\"867\" data-recalc-dims=\"1\" \/><br \/>\nAls mich meine Mutter einige Wochen vor dem Geburtstag gefragt hat, was ich mir denn w\u00fcnsche, habe ich relativ schnell gesagt &#8220;<em>Eigentlich nichts. Ich habe alles was ich brauche!<\/em>&#8221; (Die Idee des Pulli kam sp\u00e4ter) und wurde mir in dem Moment dem unglaublichen Luxus in dem ich mich befinde bewusst. Ein Bewusstsein, das mich seither noch st\u00e4rker begleitet. &#8220;Ich brauche nichts&#8221; sagen zu k\u00f6nnen, zu d\u00fcrfen, ist ein Privileg, f\u00fcr das ich unglaublich dankbar bin, das mich aber auch nachdenklich stimmt.<\/p>\n<p style=\"text-align: justify;\">&#8220;<em>Wenn ich alles habe was ich brauche, brauche ich \u00fcberhaupt alles was ich habe?<\/em>&#8221; lautete meine n\u00e4chste Frage an mich selbst. Als ehrliche Antwort meinerseits ein\u00a0<strong>&#8220;Nein&#8221;<\/strong>\u00a0zu vernehmen war, folgten ein Marathon an Besitztums-Reduktion, Selbstreflexion und ein Gang zur n\u00e4chsten\u00a0<a href=\"https:\/\/www.carla-wien.at\/carla-laeden\/standorte-oeffnungszeiten\/\">Carla-Abgabe-Stelle<\/a>.<\/p>\n<p style=\"text-align: justify;\">F\u00fcr mich war das Loslassen von unn\u00f6tigen Dingen der erste Schritt, neue Dinge auch vermeiden zu k\u00f6nnen, denn &#8220;Wen ich immer weniger habe, werde ich auch weniger brauchen.&#8221; so die Idee, und sie ging auf.\u00a0In den letzten Monaten habe ich ein Wort vermehrt zu gebrauchen gelernt, n\u00e4mlich &#8220;Nein&#8221;. &#8220;nein ich brauche das nicht&#8221;, &#8220;nein ich m\u00f6chte das nicht&#8221; &#8211; meist versch\u00f6nt zu einem &#8220;Nein,\u00a0<em>danke<\/em>.&#8221; Ich lerne &#8220;Nein&#8221; zu sagen zum Plastiksack, zur Weihnachts-deko und zur zehnten Teetasse die auch nichts anders kann als die restlichen Teetassen auch &#8211; sie sieht halt h\u00fcbsch aus.<\/p>\n<p style=\"text-align: justify;\"><em>&#8220;Minimalismus&#8221;<\/em>\u00a0so das Wort das im Lexikon zu so einem Lebensstil steht, wird bereits als die \u201egesellschaftliche Resonanz auf das \u00dcberangebot\u201c bezeichnet. Tats\u00e4chlich habe ich das Gef\u00fchl beim Einkaufen gehen mehr ablehnen zu m\u00fcssen, als aktiv &#8220;Ja&#8221; zu etwas zu sagen, das ich auch m\u00f6chte.<\/p>\n<p style=\"text-align: justify;\">Ich m\u00f6chte dir in diesem Artikel keine To-Do liste zum Entr\u00fcmpeln deines Lebens geben und auch keine Checkliste zum Thema &#8220;Diese 36 Sachen brauchst du wirklich&#8221;, sondern ich m\u00f6chte einfach meine Gedanken zu diesem Thema zum Ausdruck bringen, und vielleicht auch dich zum Denken anregen.<\/p>\n<h3 style=\"text-align: justify;\"><img loading=\"lazy\" decoding=\"async\" class=\"aligncenter wp-image-10336 size-full\" src=\"https:\/\/i0.wp.com\/www.stellamina.com\/wp-content\/uploads\/2016\/11\/Kaufrausch-2-von-2.jpg?resize=1300%2C1040\" alt=\"kaufrausch-2-von-2\" width=\"1300\" height=\"1040\" data-recalc-dims=\"1\" \/><\/h3>\n<h3 style=\"text-align: justify;\">Aber ist Minimalismus die L\u00f6sung?<\/h3>\n<p style=\"text-align: justify;\">Minimalismus ist gerade \u00fcberall pr\u00e4sent, egal ob in Magazinen, Blogs oder auf Instagram. Ob ich nun\u00a0<strong>Minimalistin<\/strong>\u00a0bin, wei\u00df ich nicht. Ja! meine Wohnung wird nach M\u00f6glichkeit leerer, trotzdem liebevoller, meine Bilder werden einfacher und klarer, aber auf einen Begriff festlegen mag ich mich trotzdem nicht &#8211; Schubladendenken Ade. Was f\u00fcr mich z\u00e4hlt ist der Grundgedanke, der nicht im vermeiden, sonder einfach weniger haben liegt.\u00a0Aber auch im Loslassen von Angewohnheiten, und Ballast wieder Freude und Erleichterung finden.<\/p>\n<p style=\"text-align: justify;\">Minimalismus ist Ansichtssache. Meine Entscheidung minimalisitscher zu leben bedeutet f\u00fcr mich nicht, nie wieder eine Vase vom Flohmarkt mitzunehmen oder f\u00fcr jedes neue Kleidungsst\u00fcck eines auszusortieren.<br \/>\nDen Rahmen steckt jeder f\u00fcr sich selber fest.<\/p>\n<p style=\"text-align: justify;\">F\u00fcr mich selbst kann ich\u00a0Minimalismus auf eine einfache Frage reduzieren.\u00a0&#8220;Brauche ich das wirklich?&#8221;<\/p>\n\n<h2>Was brauche ich wirklich?<\/h2>\n<p style=\"text-align: justify;\">Bed\u00fcrfnisse sind so individuell wie jeder von uns!<br \/>\nDie Bedeutung von Besitz ver\u00e4ndert sich mit jeder Generation.\u00a0Besitz ist nicht alles. F\u00fcr mich z\u00e4hlen Erfahrungen, Geschichten., Momente und Gl\u00fcck.<br \/>\nAuch auf die Frage &#8220;Brauche ich das?&#8221; gibt es nicht nur &#8220;die eine&#8221; Antwort. Denn wenn ein St\u00fcck auch nicht 100% notwendig ist, dir aber wirklich Freude bereitet und du gerade Lust hast, es mitzunehmen, ja warum denn bitte nicht? \ud83d\ude42<\/p>\n<p style=\"text-align: justify;\">Mein pers\u00f6nliches Ziel ist also nicht in der vollkommenen Reduktion zu finden, sondern im Bewusst-Sein.\u00a0Sich seiner ganz pers\u00f6nlichen W\u00fcnsche und Bed\u00fcrfnisse bewusst zu werden, aber auch sich der Situation bewusst zu werden &#8220;Habe ich das in der Hand weil es billig ist, oder weil es mir gef\u00e4llt?&#8221; ist der erste und wichtigste Schritt.<\/p>\n<p style=\"text-align: justify;\">Heute sitze ich immer noch in einer alten Strickjacke am Computer. Wir haben einfach keinen Pulli gefunden der passt (Linz braucht mehr faire L\u00e4den!) und bis es soweit ist, wird auch keiner gekauft. Punkt.<\/p>\n\n<p style=\"text-align: justify;\"><img loading=\"lazy\" decoding=\"async\" class=\"aligncenter wp-image-10339 size-full\" src=\"https:\/\/i0.wp.com\/www.stellamina.com\/wp-content\/uploads\/2016\/11\/Kaufrausch-4-von-12-1.jpg?resize=1300%2C867\" alt=\"kaufrausch-4-von-12\" width=\"1300\" height=\"867\" data-recalc-dims=\"1\" \/><br \/>\nWas denkst du zu dem Thema? Wie findest du die Balance im &#8220;Brauchen&#8221; und &#8220;Kaufen&#8221;? Und w\u00fcrde dir ein Artikel zum Thema Reduktion\u00a0helfen? Zum Beispiel wie ich das Thema &#8220;Wohnung-Entr\u00fcmpeln angegangen bin? Lass es mich wissen!<\/p>\n<pre style=\"text-align: justify;\">Outfit:\u00a0\n\nSchuhe: <a href=\"https:\/\/www.noah-shop.com\">Noah<\/a>\nHose: alt -&gt;\u00a0faire Alternative <a href=\"http:\/\/www.mudjeans.eu\/shop\/high-waisted-jeans-skinny-hazen-stone-black\/\">hier\u00a0<\/a>\nBluse: Second Hand -&gt; \u00a02nd Hand Alternative <a href=\"http:\/\/www.dogdaysofsummer.at\/index1.php?site=einzel&amp;kat=3&amp;art_id=661\">hier<\/a>\u00a0\nSchal: alt -&gt; faire Alternative <a href=\"https:\/\/www.avocadostore.at\/products\/68382-schal-aus-bio-baumwoll-fleece-schwarz-meliert-luxaa\">hier\u00a0<\/a>\nJacke: Second Hand -&gt; 2nd Hand Alternative <a href=\"http:\/\/www.dogdaysofsummer.at\/index1.php?site=einzel&amp;kat=7&amp;art_id=829\">hier<\/a>\u00a0\n\n\n*** Die Fotos hat meine Mutter bei unserem Stadtspaziergang gemacht - irgendwo zwischen der Linzer Landstra\u00dfe und der Tabakfabrik ***<\/pre>\n","protected":false},"excerpt":{"rendered":"<p>Ich \u00fcbe mich in Reduktion. Aber ob ich nun Minimalistin bin, weis ich nicht. Auf einen Begriff festlegen m\u00f6chte ich mich nicht \u2013 Schubladendenken Ade.<\/p>\n","protected":false},"author":1,"featured_media":10330,"comment_status":"open","ping_status":"open","sticky":false,"template":"","format":"standard","meta":{"jetpack_post_was_ever_published":false,"_jetpack_newsletter_access":"","_jetpack_dont_email_post_to_subs":true,"_jetpack_newsletter_tier_id":0,"_jetpack_memberships_contains_paywalled_content":false,"_jetpack_memberships_contains_paid_content":false,"footnotes":"","jetpack_publicize_message":"","jetpack_publicize_feature_enabled":true,"jetpack_social_post_already_shared":true,"jetpack_social_options":{"image_generator_settings":{"template":"highway","enabled":false}}},"categories":[1,264,247,248,493,582],"tags":[831,695,832,291,250,473,833,806,252],"jetpack_publicize_connections":[],"yoast_head":"<!-- This site is optimized with the Yoast SEO plugin v20.5 - https:\/\/yoast.com\/wordpress\/plugins\/seo\/ -->\n<title>Du solltest doch nur kaufen, was wir wirklich brauchen. - stellamina<\/title>\n<meta name=\"description\" content=\"Ich \u00fcbe mich in Reduktion. Aber ob ich nun Minimalistin bin, weis ich nicht. Auf einen Begriff festlegen m\u00f6chte ich mich nicht \u2013 Schubladendenken Ade.\" \/>\n<meta name=\"robots\" content=\"index, follow, max-snippet:-1, max-image-preview:large, max-video-preview:-1\" \/>\n<link rel=\"canonical\" href=\"https:\/\/www.stellamina.com\/portfolio\/kaufen-trifft-brauchen\/\" \/>\n<meta property=\"og:locale\" content=\"en_US\" \/>\n<meta property=\"og:type\" content=\"article\" \/>\n<meta property=\"og:title\" content=\"Du solltest doch nur kaufen, was wir wirklich brauchen. - stellamina\" \/>\n<meta property=\"og:description\" content=\"Ich \u00fcbe mich in Reduktion. Aber ob ich nun Minimalistin bin, weis ich nicht. Auf einen Begriff festlegen m\u00f6chte ich mich nicht \u2013 Schubladendenken Ade.\" \/>\n<meta property=\"og:url\" content=\"https:\/\/www.stellamina.com\/portfolio\/kaufen-trifft-brauchen\/\" \/>\n<meta property=\"og:site_name\" content=\"STELLAMINA\" \/>\n<meta property=\"article:published_time\" content=\"2016-11-06T12:14:07+00:00\" \/>\n<meta name=\"author\" content=\"Amina Stella Steiner\" \/>\n<meta name=\"twitter:card\" content=\"summary_large_image\" \/>\n<meta name=\"twitter:label1\" content=\"Written by\" \/>\n\t<meta name=\"twitter:data1\" content=\"Amina Stella Steiner\" \/>\n\t<meta name=\"twitter:label2\" content=\"Est. reading time\" \/>\n\t<meta name=\"twitter:data2\" content=\"5 minutes\" \/>\n<script type=\"application\/ld+json\" class=\"yoast-schema-graph\">{\"@context\":\"https:\/\/schema.org\",\"@graph\":[{\"@type\":\"WebPage\",\"@id\":\"https:\/\/www.stellamina.com\/portfolio\/kaufen-trifft-brauchen\/\",\"url\":\"https:\/\/www.stellamina.com\/portfolio\/kaufen-trifft-brauchen\/\",\"name\":\"Du solltest doch nur kaufen, was wir wirklich brauchen. - stellamina\",\"isPartOf\":{\"@id\":\"http:\/\/www.stellamina.com\/portfolio\/#website\"},\"datePublished\":\"2016-11-06T12:14:07+00:00\",\"dateModified\":\"2016-11-06T12:14:07+00:00\",\"author\":{\"@id\":\"http:\/\/www.stellamina.com\/portfolio\/#\/schema\/person\/e416891c727c671692f6c2c884658304\"},\"description\":\"Ich \u00fcbe mich in Reduktion. Aber ob ich nun Minimalistin bin, weis ich nicht. Auf einen Begriff festlegen m\u00f6chte ich mich nicht \u2013 Schubladendenken Ade.\",\"breadcrumb\":{\"@id\":\"https:\/\/www.stellamina.com\/portfolio\/kaufen-trifft-brauchen\/#breadcrumb\"},\"inLanguage\":\"en-US\",\"potentialAction\":[{\"@type\":\"ReadAction\",\"target\":[\"https:\/\/www.stellamina.com\/portfolio\/kaufen-trifft-brauchen\/\"]}]},{\"@type\":\"BreadcrumbList\",\"@id\":\"https:\/\/www.stellamina.com\/portfolio\/kaufen-trifft-brauchen\/#breadcrumb\",\"itemListElement\":[{\"@type\":\"ListItem\",\"position\":1,\"name\":\"Home\",\"item\":\"https:\/\/www.stellamina.com\/portfolio\/\"},{\"@type\":\"ListItem\",\"position\":2,\"name\":\"Du solltest doch nur kaufen, was wir wirklich brauchen!\"}]},{\"@type\":\"WebSite\",\"@id\":\"http:\/\/www.stellamina.com\/portfolio\/#website\",\"url\":\"http:\/\/www.stellamina.com\/portfolio\/\",\"name\":\"STELLAMINA\",\"description\":\"visual storytelling for a better world\",\"potentialAction\":[{\"@type\":\"SearchAction\",\"target\":{\"@type\":\"EntryPoint\",\"urlTemplate\":\"http:\/\/www.stellamina.com\/portfolio\/?s={search_term_string}\"},\"query-input\":\"required name=search_term_string\"}],\"inLanguage\":\"en-US\"},{\"@type\":\"Person\",\"@id\":\"http:\/\/www.stellamina.com\/portfolio\/#\/schema\/person\/e416891c727c671692f6c2c884658304\",\"name\":\"Amina Stella Steiner\",\"image\":{\"@type\":\"ImageObject\",\"inLanguage\":\"en-US\",\"@id\":\"http:\/\/www.stellamina.com\/portfolio\/#\/schema\/person\/image\/\",\"url\":\"https:\/\/secure.gravatar.com\/avatar\/92319eb31fc9079e66a5daca325443e3?s=96&d=retro&r=g\",\"contentUrl\":\"https:\/\/secure.gravatar.com\/avatar\/92319eb31fc9079e66a5daca325443e3?s=96&d=retro&r=g\",\"caption\":\"Amina Stella Steiner\"},\"url\":\"https:\/\/www.stellamina.com\/portfolio\/author\/amina-stella-steiner\/\"}]}<\/script>\n<!-- \/ Yoast SEO plugin. -->","yoast_head_json":{"title":"Du solltest doch nur kaufen, was wir wirklich brauchen. - stellamina","description":"Ich \u00fcbe mich in Reduktion. Aber ob ich nun Minimalistin bin, weis ich nicht. Auf einen Begriff festlegen m\u00f6chte ich mich nicht \u2013 Schubladendenken Ade.","robots":{"index":"index","follow":"follow","max-snippet":"max-snippet:-1","max-image-preview":"max-image-preview:large","max-video-preview":"max-video-preview:-1"},"canonical":"https:\/\/www.stellamina.com\/portfolio\/kaufen-trifft-brauchen\/","og_locale":"en_US","og_type":"article","og_title":"Du solltest doch nur kaufen, was wir wirklich brauchen. - stellamina","og_description":"Ich \u00fcbe mich in Reduktion. Aber ob ich nun Minimalistin bin, weis ich nicht. Auf einen Begriff festlegen m\u00f6chte ich mich nicht \u2013 Schubladendenken Ade.","og_url":"https:\/\/www.stellamina.com\/portfolio\/kaufen-trifft-brauchen\/","og_site_name":"STELLAMINA","article_published_time":"2016-11-06T12:14:07+00:00","author":"Amina Stella Steiner","twitter_card":"summary_large_image","twitter_misc":{"Written by":"Amina Stella Steiner","Est. reading time":"5 minutes"},"schema":{"@context":"https:\/\/schema.org","@graph":[{"@type":"WebPage","@id":"https:\/\/www.stellamina.com\/portfolio\/kaufen-trifft-brauchen\/","url":"https:\/\/www.stellamina.com\/portfolio\/kaufen-trifft-brauchen\/","name":"Du solltest doch nur kaufen, was wir wirklich brauchen. - stellamina","isPartOf":{"@id":"http:\/\/www.stellamina.com\/portfolio\/#website"},"datePublished":"2016-11-06T12:14:07+00:00","dateModified":"2016-11-06T12:14:07+00:00","author":{"@id":"http:\/\/www.stellamina.com\/portfolio\/#\/schema\/person\/e416891c727c671692f6c2c884658304"},"description":"Ich \u00fcbe mich in Reduktion. Aber ob ich nun Minimalistin bin, weis ich nicht. Auf einen Begriff festlegen m\u00f6chte ich mich nicht \u2013 Schubladendenken Ade.","breadcrumb":{"@id":"https:\/\/www.stellamina.com\/portfolio\/kaufen-trifft-brauchen\/#breadcrumb"},"inLanguage":"en-US","potentialAction":[{"@type":"ReadAction","target":["https:\/\/www.stellamina.com\/portfolio\/kaufen-trifft-brauchen\/"]}]},{"@type":"BreadcrumbList","@id":"https:\/\/www.stellamina.com\/portfolio\/kaufen-trifft-brauchen\/#breadcrumb","itemListElement":[{"@type":"ListItem","position":1,"name":"Home","item":"https:\/\/www.stellamina.com\/portfolio\/"},{"@type":"ListItem","position":2,"name":"Du solltest doch nur kaufen, was wir wirklich brauchen!"}]},{"@type":"WebSite","@id":"http:\/\/www.stellamina.com\/portfolio\/#website","url":"http:\/\/www.stellamina.com\/portfolio\/","name":"STELLAMINA","description":"visual storytelling for a better world","potentialAction":[{"@type":"SearchAction","target":{"@type":"EntryPoint","urlTemplate":"http:\/\/www.stellamina.com\/portfolio\/?s={search_term_string}"},"query-input":"required name=search_term_string"}],"inLanguage":"en-US"},{"@type":"Person","@id":"http:\/\/www.stellamina.com\/portfolio\/#\/schema\/person\/e416891c727c671692f6c2c884658304","name":"Amina Stella Steiner","image":{"@type":"ImageObject","inLanguage":"en-US","@id":"http:\/\/www.stellamina.com\/portfolio\/#\/schema\/person\/image\/","url":"https:\/\/secure.gravatar.com\/avatar\/92319eb31fc9079e66a5daca325443e3?s=96&d=retro&r=g","contentUrl":"https:\/\/secure.gravatar.com\/avatar\/92319eb31fc9079e66a5daca325443e3?s=96&d=retro&r=g","caption":"Amina Stella Steiner"},"url":"https:\/\/www.stellamina.com\/portfolio\/author\/amina-stella-steiner\/"}]}},"jetpack_featured_media_url":"","jetpack_sharing_enabled":true,"jetpack_shortlink":"https:\/\/wp.me\/p80DMU-2Gp","amp_enabled":true,"_links":{"self":[{"href":"https:\/\/www.stellamina.com\/portfolio\/wp-json\/wp\/v2\/posts\/10317"}],"collection":[{"href":"https:\/\/www.stellamina.com\/portfolio\/wp-json\/wp\/v2\/posts"}],"about":[{"href":"https:\/\/www.stellamina.com\/portfolio\/wp-json\/wp\/v2\/types\/post"}],"author":[{"embeddable":true,"href":"https:\/\/www.stellamina.com\/portfolio\/wp-json\/wp\/v2\/users\/1"}],"replies":[{"embeddable":true,"href":"https:\/\/www.stellamina.com\/portfolio\/wp-json\/wp\/v2\/comments?post=10317"}],"version-history":[{"count":0,"href":"https:\/\/www.stellamina.com\/portfolio\/wp-json\/wp\/v2\/posts\/10317\/revisions"}],"wp:featuredmedia":[{"embeddable":true,"href":"https:\/\/www.stellamina.com\/portfolio\/wp-json\/"}],"wp:attachment":[{"href":"https:\/\/www.stellamina.com\/portfolio\/wp-json\/wp\/v2\/media?parent=10317"}],"wp:term":[{"taxonomy":"category","embeddable":true,"href":"https:\/\/www.stellamina.com\/portfolio\/wp-json\/wp\/v2\/categories?post=10317"},{"taxonomy":"post_tag","embeddable":true,"href":"https:\/\/www.stellamina.com\/portfolio\/wp-json\/wp\/v2\/tags?post=10317"}],"curies":[{"name":"wp","href":"https:\/\/api.w.org\/{rel}","templated":true}]}}