{"id":10376,"date":"2016-11-12T23:28:24","date_gmt":"2016-11-12T22:28:24","guid":{"rendered":"http:\/\/www.stellamina.com\/?p=10376"},"modified":"2016-11-12T23:28:24","modified_gmt":"2016-11-12T22:28:24","slug":"carob-porridge","status":"publish","type":"post","link":"https:\/\/www.stellamina.com\/portfolio\/carob-porridge\/","title":{"rendered":"Carob Porridge. Ca-was? Cacao? nein CaROB! Eine nachhaltigere Alternative."},"content":{"rendered":"<p style=\"text-align: justify;\">Gestern waren es noch Tau und Nebelschwaden, die an meinem Fenster hoch geklettert\u00a0sind. Heute waren es\u00a0schon\u00a0die ersten Schneeflocken, die gem\u00fctlich hinab schwebten. Die Dunstschwaden\u00a0vom Porridge jedoch zog es nach oben, entgegen dem Schnee. Also sa\u00df ich da, beobachte das Schauspiel von warm und kalt. Und genoss.<\/p>\n<p style=\"text-align: justify;\"><img loading=\"lazy\" decoding=\"async\" class=\"aligncenter size-full wp-image-10385\" src=\"https:\/\/i0.wp.com\/www.stellamina.com\/wp-content\/uploads\/2016\/11\/CAROB-PORRIDGE-LQ-9-von-15.jpg?resize=720%2C1080\" alt=\"carob-porridge-lq-9-von-15\" width=\"720\" height=\"1080\" data-recalc-dims=\"1\" \/><\/p>\n<p style=\"text-align: justify;\">Genie\u00dfen. Das l\u00e4sst sich, finde ich, im Winter besonders gut. W\u00e4hrend ich im Sommer oft nur Salatbl\u00e4tter und Gem\u00fcse mit verschiedenen \u00d6len und Essig betr\u00e4ufle, w\u00e4chst mit abfallender Temperatur mein Bed\u00fcrfnis nach W\u00e4rme und Gem\u00fctlichkeit. Das gilt auch f\u00fcr den Morgen.<br \/>\nAn Sommertagen stehe ich mit dem ersten L\u00e4uten des Weckers kerzengerade und bin 20 Minuten sp\u00e4ter bei der T\u00fcr hinaus. Nicht so heute. Da ist es ein wohliges Umdrehen, noch mal drehen und die Decke zur Nasenspitze ziehen, bevor ich doch eine Zehe in die K\u00e4lte wage und ja &#8211; meine Wohnung ist im Winter verdammt kalt. Den ersten K\u00e4lteschock \u00fcberwunden, steuere ich dann mit einer eine Tasse Tee oder Kaffee und einem warmen Fr\u00fchst\u00fcck entgegen.<\/p>\n<p style=\"text-align: justify;\">Dieses Fr\u00fchst\u00fcck war eigentlich gar nicht daf\u00fcr gedacht, am Blog zu landen, aber als ich den Rauch aufsteigen sah, und auf einmal so eine Vorfreude auf diese Sch\u00fcssel K\u00f6stlichkeit sp\u00fcrte, dachte ich mir ich sollte diese Freude wohl mit euch teilen.<\/p>\n<h3>Ca- was? CaROB! Also doch nicht Ca-CAO?<\/h3>\n<p style=\"text-align: justify;\">Man k\u00f6nnte meinen, es sei ein Schokoladenporridge, den ich euch pr\u00e4sentiere, schmeckt auch fast so, tats\u00e4chlich handelt es sich aber um <em>Carob.<br \/>\n<\/em>Ich habe Carob bereits in meiner Kindheit kennengelernt und in der letzten Zeit wieder f\u00fcr mich entdeckt. Kennst du die B\u00e4ume an denen bananen-f\u00f6rmige schwarze trockene Dinger h\u00e4ngen? Das ist der Johannisbrotbaum, aus dessen Fr\u00fcchten eben dieses Carob gewonnen wird.<br \/>\nDaf\u00fcr werden die Fr\u00fcchte gereinigt, aufgebrochen und zerkleinert, das Fruchtfleisch getrocknet, ger\u00f6stet und dann gemahlen. Das Ergebnis ist ein feines Pulver, das im Geschmack Kakao zwar sehr \u00e4hnelt, aber etwas feiner, s\u00fc\u00dflicher fast schon karamellig ist.<\/p>\n<p style=\"text-align: justify;\">Grunds\u00e4tzlich bietet sich Carob \u00fcberall da zur Verwendung an, wo man sonst Kakaopulver verwenden w\u00fcrde.\u00a0Ich verwende ihn nicht nur wegen des\u00a0feinen Geschmacks, sondern auch, weil es die regionale und somit\u00a0<strong>nachhaltigere Alternative<\/strong>\u00a0ist. Da es ihn fast nur in Reformh\u00e4usern zu finden gibt, ist es auch meist Bio-qualit\u00e4t. Unverpackt habe ich ihn bisher noch nicht entdeckt.<\/p>\n<p style=\"text-align: justify;\"><img loading=\"lazy\" decoding=\"async\" class=\"aligncenter size-full wp-image-10389\" src=\"https:\/\/i0.wp.com\/www.stellamina.com\/wp-content\/uploads\/2016\/11\/CAROB-PORRIDGE-LQ-13-von-15.jpg?resize=1300%2C650\" alt=\"carob-porridge-lq-13-von-15\" width=\"1300\" height=\"650\" data-recalc-dims=\"1\" \/><\/p>\n<p style=\"text-align: justify;\">Neben dem angenehmen Geschmack hat Carob noch andere besondere Eigenschaften. Man kann ihn\u00a0\u00a0getrost am Abend als hei\u00dfe Schoko trinken, denn er enth\u00e4lt anders als Kakao keine aufputschenden Stoffe wie Koffein. Zudem\u00a0hat\u00a0er kaum Natrium und Fett, daf\u00fcr aber einen hohen Anteil an Ballaststoffen\u00a0und nat\u00fcrlichen Zucker mit vergleichsweise wenig Kalorien. Perfekt f\u00fcrs Fr\u00fchst\u00fcck also &#8211; und das Rezept dazu kommt jetzt:<\/p>\n<div class=\"easyrecipe\" data-rating=\"0\"> \t<link itemprop=\"image\" href=\"http:\/\/www.stellamina.com\/wp-content\/uploads\/2016\/11\/CAROB-PORRIDGE-LQ-15-von-15.jpg\" \/>\n<div class=\"item ERName\">Carob Porridge<\/div>\n<div class=\"ERClear\"><\/div>\n<div class=\"ERHead\">Prep time: <time itemprop=\"prepTime\" datetime=\"PT5M\">5 mins<\/time><\/div>\n<div class=\"ERHead\">Cook time: <time itemprop=\"cookTime\" datetime=\"PT10M\">10 mins<\/time><\/div>\n<div class=\"ERHead\">Total time: <time itemprop=\"totalTime\" datetime=\"PT15M\">15 mins<\/time><\/div>\n<div class=\"ERHead\">Serves: <span class=\"yield\">1<\/span><\/div>\n<div class=\"ERIngredients\">\n<div class=\"ERIngredientsHeader\">Ingredients<\/div>\n<ul class=\"ingredients\">\n<li class=\"ingredient\">1 gro\u00dfe Dattel<\/li>\n<li class=\"ingredient\">1 Tasse pflanzliche Milch<\/li>\n<li class=\"ingredient\">1 gro\u00dfer TL Carobpulver (BIO-Qualit\u00e4t)<\/li>\n<li class=\"ingredient\">1 Messerspitze gemahlene Vanille oder Zimt<\/li>\n<li class=\"ingredient\">1 kleine Tasse Haferflocken oder Hirseflocken<\/li>\n<li class=\"ingredient\">1 kleiner Apfel<\/li>\n<li class=\"ingredient\">Kokos\u00f6l<\/li>\n<\/ul>\n<\/div>\n<div class=\"ERInstructions\">\n<div class=\"ERInstructionsHeader\">Instructions<\/div>\n<div class=\"instructions\">\n<ol>\n<li class=\"instruction\">Die Dattel entsteinen und fein hacken.<\/li>\n<li class=\"instruction\">Die Getreideflocken in einem kleinen Topf mit etwas Kokos\u00f6l, den Dattelst\u00fcckenn und Gew\u00fcrzen anr\u00f6sten, dann mit der Milch aufgie\u00dfen.<\/li>\n<li class=\"instruction\">Carobpulver unterr\u00fchren und auf kleiner Flamme 10 min k\u00f6cheln lassen. Nach Bedarf immer wieder etwas Milch hinzuf\u00fcgen.<\/li>\n<li class=\"instruction\">Inzwischen den Apfel waschen und in feine Scheiben schneiden.<\/li>\n<li class=\"instruction\">Den Porridge zugedeckt 3\u20134 Min. ziehen lassen.<\/li>\n<li class=\"instruction\">W\u00e4hrenddessen den Apfel mit Kokos\u00f6l und Zimt anbraten.<\/li>\n<li class=\"instruction\">Den Porridge in eine Sch\u00fcssel geben, mit \u00c4pfeln und Gew\u00fcrzen (eventuell auch Sirup) verfeinern und genie\u00dfen.<\/li>\n<\/ol>\n<\/div>\n<\/div>\n<div class=\"ERNutrition\"><\/div>\n<div class=\"endeasyrecipe\" style=\"display: none;\">3.5.3208<\/div>\n<\/div>\n<p>&nbsp;<\/p>\n<p>Kanntest du Carob schon? Was stellst du so damit an? Ich bin gespannt.<\/p>\n<p style=\"text-align: justify;\">Der Teller und viele andere Keramik St\u00fccke auf meinem <a href=\"https:\/\/www.instagram.com\/_stellamina_\/\">Instagram Feed<\/a> sind \u00fcbrigens von <a href=\"https:\/\/www.instagram.com\/kimverbeke_ceramics\/\">Kim Verbeke<\/a>, einer wunderbaren Keramik Designerin aus Belgien. Ich liebe die einfachen Formen und zu wissen, dass sie jedes St\u00fcck selbst und mit viel Liebe macht! \ud83d\ude42<\/p>\n<p>&nbsp;<\/p>\n","protected":false},"excerpt":{"rendered":"<p>Gestern waren es noch Tau und Nebelschwaden, die an meinem Fenster hoch geklettert\u00a0sind. Heute waren es\u00a0schon\u00a0die ersten Schneeflocken, die gem\u00fctlich hinab schwebten. Die Dunstschwaden\u00a0vom Porridge jedoch zog es nach oben, entgegen dem Schnee. Also sa\u00df ich da, beobachte das Schauspiel von warm und kalt. Und genoss. Genie\u00dfen. Das l\u00e4sst sich, finde ich, im Winter besonders [&hellip;]<\/p>\n","protected":false},"author":1,"featured_media":10395,"comment_status":"open","ping_status":"open","sticky":false,"template":"","format":"standard","meta":{"jetpack_post_was_ever_published":false,"_jetpack_newsletter_access":"","_jetpack_dont_email_post_to_subs":true,"_jetpack_newsletter_tier_id":0,"_jetpack_memberships_contains_paywalled_content":false,"_jetpack_memberships_contains_paid_content":false,"footnotes":"","jetpack_publicize_message":"","jetpack_publicize_feature_enabled":true,"jetpack_social_post_already_shared":true,"jetpack_social_options":{"image_generator_settings":{"template":"highway","enabled":false}}},"categories":[1,232,620],"tags":[836,112,199,209,230,121,22],"jetpack_publicize_connections":[],"yoast_head":"<!-- This site is optimized with the Yoast SEO plugin v20.5 - https:\/\/yoast.com\/wordpress\/plugins\/seo\/ -->\n<title>Carob Porridge. Ca-was? Ca-Cao? nein CaROB! - stellamina<\/title>\n<meta name=\"description\" content=\"Man k\u00f6nnte meinen, es sei ein Schokoladenporridge, den ich euch da heute pr\u00e4sentiere, schmeckt auch fast so, tats\u00e4chlich handelt es sich aber um Carob.\" \/>\n<meta name=\"robots\" content=\"index, follow, max-snippet:-1, max-image-preview:large, max-video-preview:-1\" \/>\n<link rel=\"canonical\" href=\"http:\/\/www.stellamina.com\/portfolio\/carob-porridge\/\" \/>\n<meta property=\"og:locale\" content=\"en_US\" \/>\n<meta property=\"og:type\" content=\"article\" \/>\n<meta property=\"og:title\" content=\"Carob Porridge. Ca-was? Ca-Cao? nein CaROB! - stellamina\" \/>\n<meta property=\"og:description\" content=\"Man k\u00f6nnte meinen, es sei ein Schokoladenporridge, den ich euch da heute pr\u00e4sentiere, schmeckt auch fast so, tats\u00e4chlich handelt es sich aber um Carob.\" \/>\n<meta property=\"og:url\" content=\"http:\/\/www.stellamina.com\/portfolio\/carob-porridge\/\" \/>\n<meta property=\"og:site_name\" content=\"STELLAMINA\" \/>\n<meta property=\"article:published_time\" content=\"2016-11-12T22:28:24+00:00\" \/>\n<meta name=\"author\" content=\"Amina Stella Steiner\" \/>\n<meta name=\"twitter:card\" content=\"summary_large_image\" \/>\n<meta name=\"twitter:label1\" content=\"Written by\" \/>\n\t<meta name=\"twitter:data1\" content=\"Amina Stella Steiner\" \/>\n\t<meta name=\"twitter:label2\" content=\"Est. reading time\" \/>\n\t<meta name=\"twitter:data2\" content=\"3 minutes\" \/>\n<script type=\"application\/ld+json\" class=\"yoast-schema-graph\">{\"@context\":\"https:\/\/schema.org\",\"@graph\":[{\"@type\":\"WebPage\",\"@id\":\"http:\/\/www.stellamina.com\/portfolio\/carob-porridge\/\",\"url\":\"http:\/\/www.stellamina.com\/portfolio\/carob-porridge\/\",\"name\":\"Carob Porridge. Ca-was? Ca-Cao? nein CaROB! - stellamina\",\"isPartOf\":{\"@id\":\"http:\/\/www.stellamina.com\/portfolio\/#website\"},\"datePublished\":\"2016-11-12T22:28:24+00:00\",\"dateModified\":\"2016-11-12T22:28:24+00:00\",\"author\":{\"@id\":\"http:\/\/www.stellamina.com\/portfolio\/#\/schema\/person\/e416891c727c671692f6c2c884658304\"},\"description\":\"Man k\u00f6nnte meinen, es sei ein Schokoladenporridge, den ich euch da heute pr\u00e4sentiere, schmeckt auch fast so, tats\u00e4chlich handelt es sich aber um Carob.\",\"breadcrumb\":{\"@id\":\"http:\/\/www.stellamina.com\/portfolio\/carob-porridge\/#breadcrumb\"},\"inLanguage\":\"en-US\",\"potentialAction\":[{\"@type\":\"ReadAction\",\"target\":[\"http:\/\/www.stellamina.com\/portfolio\/carob-porridge\/\"]}]},{\"@type\":\"BreadcrumbList\",\"@id\":\"http:\/\/www.stellamina.com\/portfolio\/carob-porridge\/#breadcrumb\",\"itemListElement\":[{\"@type\":\"ListItem\",\"position\":1,\"name\":\"Home\",\"item\":\"https:\/\/www.stellamina.com\/portfolio\/\"},{\"@type\":\"ListItem\",\"position\":2,\"name\":\"Carob Porridge. Ca-was? Cacao? nein CaROB! Eine nachhaltigere Alternative.\"}]},{\"@type\":\"WebSite\",\"@id\":\"http:\/\/www.stellamina.com\/portfolio\/#website\",\"url\":\"http:\/\/www.stellamina.com\/portfolio\/\",\"name\":\"STELLAMINA\",\"description\":\"visual storytelling for a better world\",\"potentialAction\":[{\"@type\":\"SearchAction\",\"target\":{\"@type\":\"EntryPoint\",\"urlTemplate\":\"http:\/\/www.stellamina.com\/portfolio\/?s={search_term_string}\"},\"query-input\":\"required name=search_term_string\"}],\"inLanguage\":\"en-US\"},{\"@type\":\"Person\",\"@id\":\"http:\/\/www.stellamina.com\/portfolio\/#\/schema\/person\/e416891c727c671692f6c2c884658304\",\"name\":\"Amina Stella Steiner\",\"image\":{\"@type\":\"ImageObject\",\"inLanguage\":\"en-US\",\"@id\":\"http:\/\/www.stellamina.com\/portfolio\/#\/schema\/person\/image\/\",\"url\":\"https:\/\/secure.gravatar.com\/avatar\/92319eb31fc9079e66a5daca325443e3?s=96&d=retro&r=g\",\"contentUrl\":\"https:\/\/secure.gravatar.com\/avatar\/92319eb31fc9079e66a5daca325443e3?s=96&d=retro&r=g\",\"caption\":\"Amina Stella Steiner\"},\"url\":\"https:\/\/www.stellamina.com\/portfolio\/author\/amina-stella-steiner\/\"}]}<\/script>\n<!-- \/ Yoast SEO plugin. -->","yoast_head_json":{"title":"Carob Porridge. Ca-was? Ca-Cao? nein CaROB! - stellamina","description":"Man k\u00f6nnte meinen, es sei ein Schokoladenporridge, den ich euch da heute pr\u00e4sentiere, schmeckt auch fast so, tats\u00e4chlich handelt es sich aber um Carob.","robots":{"index":"index","follow":"follow","max-snippet":"max-snippet:-1","max-image-preview":"max-image-preview:large","max-video-preview":"max-video-preview:-1"},"canonical":"http:\/\/www.stellamina.com\/portfolio\/carob-porridge\/","og_locale":"en_US","og_type":"article","og_title":"Carob Porridge. Ca-was? Ca-Cao? nein CaROB! - stellamina","og_description":"Man k\u00f6nnte meinen, es sei ein Schokoladenporridge, den ich euch da heute pr\u00e4sentiere, schmeckt auch fast so, tats\u00e4chlich handelt es sich aber um Carob.","og_url":"http:\/\/www.stellamina.com\/portfolio\/carob-porridge\/","og_site_name":"STELLAMINA","article_published_time":"2016-11-12T22:28:24+00:00","author":"Amina Stella Steiner","twitter_card":"summary_large_image","twitter_misc":{"Written by":"Amina Stella Steiner","Est. reading time":"3 minutes"},"schema":{"@context":"https:\/\/schema.org","@graph":[{"@type":"WebPage","@id":"http:\/\/www.stellamina.com\/portfolio\/carob-porridge\/","url":"http:\/\/www.stellamina.com\/portfolio\/carob-porridge\/","name":"Carob Porridge. Ca-was? Ca-Cao? nein CaROB! - stellamina","isPartOf":{"@id":"http:\/\/www.stellamina.com\/portfolio\/#website"},"datePublished":"2016-11-12T22:28:24+00:00","dateModified":"2016-11-12T22:28:24+00:00","author":{"@id":"http:\/\/www.stellamina.com\/portfolio\/#\/schema\/person\/e416891c727c671692f6c2c884658304"},"description":"Man k\u00f6nnte meinen, es sei ein Schokoladenporridge, den ich euch da heute pr\u00e4sentiere, schmeckt auch fast so, tats\u00e4chlich handelt es sich aber um Carob.","breadcrumb":{"@id":"http:\/\/www.stellamina.com\/portfolio\/carob-porridge\/#breadcrumb"},"inLanguage":"en-US","potentialAction":[{"@type":"ReadAction","target":["http:\/\/www.stellamina.com\/portfolio\/carob-porridge\/"]}]},{"@type":"BreadcrumbList","@id":"http:\/\/www.stellamina.com\/portfolio\/carob-porridge\/#breadcrumb","itemListElement":[{"@type":"ListItem","position":1,"name":"Home","item":"https:\/\/www.stellamina.com\/portfolio\/"},{"@type":"ListItem","position":2,"name":"Carob Porridge. Ca-was? Cacao? nein CaROB! Eine nachhaltigere Alternative."}]},{"@type":"WebSite","@id":"http:\/\/www.stellamina.com\/portfolio\/#website","url":"http:\/\/www.stellamina.com\/portfolio\/","name":"STELLAMINA","description":"visual storytelling for a better world","potentialAction":[{"@type":"SearchAction","target":{"@type":"EntryPoint","urlTemplate":"http:\/\/www.stellamina.com\/portfolio\/?s={search_term_string}"},"query-input":"required name=search_term_string"}],"inLanguage":"en-US"},{"@type":"Person","@id":"http:\/\/www.stellamina.com\/portfolio\/#\/schema\/person\/e416891c727c671692f6c2c884658304","name":"Amina Stella Steiner","image":{"@type":"ImageObject","inLanguage":"en-US","@id":"http:\/\/www.stellamina.com\/portfolio\/#\/schema\/person\/image\/","url":"https:\/\/secure.gravatar.com\/avatar\/92319eb31fc9079e66a5daca325443e3?s=96&d=retro&r=g","contentUrl":"https:\/\/secure.gravatar.com\/avatar\/92319eb31fc9079e66a5daca325443e3?s=96&d=retro&r=g","caption":"Amina Stella Steiner"},"url":"https:\/\/www.stellamina.com\/portfolio\/author\/amina-stella-steiner\/"}]}},"jetpack_featured_media_url":"","jetpack_sharing_enabled":true,"jetpack_shortlink":"https:\/\/wp.me\/p80DMU-2Hm","amp_enabled":true,"_links":{"self":[{"href":"https:\/\/www.stellamina.com\/portfolio\/wp-json\/wp\/v2\/posts\/10376"}],"collection":[{"href":"https:\/\/www.stellamina.com\/portfolio\/wp-json\/wp\/v2\/posts"}],"about":[{"href":"https:\/\/www.stellamina.com\/portfolio\/wp-json\/wp\/v2\/types\/post"}],"author":[{"embeddable":true,"href":"https:\/\/www.stellamina.com\/portfolio\/wp-json\/wp\/v2\/users\/1"}],"replies":[{"embeddable":true,"href":"https:\/\/www.stellamina.com\/portfolio\/wp-json\/wp\/v2\/comments?post=10376"}],"version-history":[{"count":0,"href":"https:\/\/www.stellamina.com\/portfolio\/wp-json\/wp\/v2\/posts\/10376\/revisions"}],"wp:featuredmedia":[{"embeddable":true,"href":"https:\/\/www.stellamina.com\/portfolio\/wp-json\/"}],"wp:attachment":[{"href":"https:\/\/www.stellamina.com\/portfolio\/wp-json\/wp\/v2\/media?parent=10376"}],"wp:term":[{"taxonomy":"category","embeddable":true,"href":"https:\/\/www.stellamina.com\/portfolio\/wp-json\/wp\/v2\/categories?post=10376"},{"taxonomy":"post_tag","embeddable":true,"href":"https:\/\/www.stellamina.com\/portfolio\/wp-json\/wp\/v2\/tags?post=10376"}],"curies":[{"name":"wp","href":"https:\/\/api.w.org\/{rel}","templated":true}]}}