{"id":10647,"date":"2016-12-11T21:55:37","date_gmt":"2016-12-11T20:55:37","guid":{"rendered":"http:\/\/www.stellamina.com\/?p=10647"},"modified":"2016-12-11T21:55:37","modified_gmt":"2016-12-11T20:55:37","slug":"a-new-rythm-of-life","status":"publish","type":"post","link":"https:\/\/www.stellamina.com\/portfolio\/a-new-rythm-of-life\/","title":{"rendered":"A new rythm of life. Mein t\u00e4glicher Tanz mit der Zeit."},"content":{"rendered":"<blockquote><p>And those who were seen dancing, were thought insane, by those who could not hear the music.<br \/>\nFriedrich Nietzsche<\/p><\/blockquote>\n<p style=\"text-align: justify;\">H\u00f6rst du sie? Die Stimmen in deinem Traum. Das Klingeln deines Weckers in der Fr\u00fch. Das Klirren jeden Dienstag Morgen, wenn die M\u00fcllabfuhr die Flaschen holt und das Lachen der Kollegen an der Kaffeemaschine. H\u00f6rst du die Passanten auf der Stra\u00dfe und die V\u00f6gel im Baum?<br \/>\nWas auch immer du h\u00f6rst&#8230; das ist die Musik deines Lebens. Im Takt mit ihr zu tanzen, ist der vielleicht sch\u00f6nste aber auch schwierigste Tanz \u00fcberhaupt.<\/p>\n<p><img loading=\"lazy\" decoding=\"async\" class=\"aligncenter wp-image-10650 size-large\" src=\"https:\/\/i0.wp.com\/www.stellamina.com\/wp-content\/uploads\/2016\/12\/WORON-6-768x1024.jpg?resize=768%2C1024\" alt=\"woron-6\" width=\"768\" height=\"1024\" data-recalc-dims=\"1\" \/><\/p>\n<h3 style=\"text-align: justify;\">Irgendwo zwischen M\u00fcdigkeit und Motivation<\/h3>\n<p style=\"text-align: justify;\">Vergangene Woche hatte ich zwei Pr\u00fcfungen an der Uni. Freizeit\/Arbeitsgesellschaft und Trends\/Prognosen. Bisher war die inhaltliche Distanz zwischen dem Unistoff und meinen eigentlichen Schaffensfeldern in Arbeit und Blog sehr gro\u00df, aber dieses Mal konnte ich in den Ausf\u00fchrungen unglaublich viel aus meinem Alltag wieder erkennen. Ich musste mir eingestehen, mitten drin zu sein, in dieser Welt des <em>Flex Livings, Flex Working, Evernets<\/em> und wie man das alles nennt. Subjektiv gef\u00fchlter Zeitmangel &#8211; und immer und \u00fcberall online.<\/p>\n<p style=\"text-align: justify;\">Erst seit einem Jahr muss ich mein Leben, die Arbeit, die Uni und den Blog in Eigenregie organisieren. Ein unglaubliches Privileg jeden Tag selbst bestimmen zu k\u00f6nnen, aber auch eine Herausforderung. Nicht selten werde ich gefragt, wie ich das alles<a href=\"http:\/\/www.stellamina.com\/kopfzirkus\/\"> unter einen Hut<\/a> bekomme. Ob mein Tag denn 48 Stunden h\u00e4tte? Leider nein!<\/p>\n<p style=\"text-align: justify;\">Lange habe ich einfach Rambo gespielt und bin mit den Kopf durch die Wand gerannt. TUN war die Devise und hie\u00df auf meinen Alltag \u00fcbersetzt: aufstehen und nicht mehr stehenbleiben bis ich Abends ins Bett gefallen bin. Eine Zeit lang geht das gut. Aber nicht sonderlich lange, denn was ich dabei vergessen habe&#8230; mir und dem Leben etwas mehr zuzuh\u00f6ren.<\/p>\n<h3>Lerne zuerst die Grundschritte<\/h3>\n<p><img loading=\"lazy\" decoding=\"async\" class=\"aligncenter size-medium wp-image-10649\" src=\"https:\/\/i0.wp.com\/www.stellamina.com\/wp-content\/uploads\/2016\/12\/Woron7-300x225.jpg?resize=300%2C225\" alt=\"woron7\" width=\"300\" height=\"225\" data-recalc-dims=\"1\" \/><\/p>\n<p style=\"text-align: justify;\">Es war ein Interview, das mich dazu angehalten hat, meinen Alltag neu zu organisieren. Die einfache Frage &#8220;Wie sieht so ein Tag im Leben von <em>Stellamina<\/em> aus?&#8221; lie\u00df mich mit einem Fragezeichen im Kopf dasitzen. Es gab ihn nicht, den typischen Tag in meinem Leben, weil ich selten l\u00e4nger als 3 Tage im voraus plante und sowieso jeden Tag alles anders kam. Bis ich verstanden habe, dass ich es anderen erlaube meinen Tag bestimmen und daraufhin beschloss, ihn doch lieber selbst in die Hand zu nehmen.<\/p>\n<p style=\"text-align: justify;\">Also habe ich mich hingesetzt, mir selbst ein paar einfache Fragen gestellt, den f\u00fcr mich perfekten Tag aufgeschrieben und mir zwei Wochen Zeit gegeben auszuprobieren, ob es funktioniert. Heute ist es Gewohnheit geworden &#8211; und ich habe gef\u00fchlt mehr Zeit denn je.<\/p>\n<h3 style=\"text-align: justify;\">Wie sieht er aus, \u00a0so ein Tag im Leben einer Stellamina?<\/h3>\n<p><img loading=\"lazy\" decoding=\"async\" class=\"aligncenter wp-image-10653 size-large\" src=\"https:\/\/i0.wp.com\/www.stellamina.com\/wp-content\/uploads\/2016\/12\/WORON12-1024x768.jpg?resize=1024%2C768\" alt=\"woron12\" width=\"1024\" height=\"768\" data-recalc-dims=\"1\" \/><\/p>\n<ul>\n<li style=\"text-align: justify;\">Irgendwann zwischen\u00a06:30-6:45h wecken mich Wecker oder Musik<\/li>\n<li style=\"text-align: justify;\">Zweimal gestreckt und gereckt f\u00fchrt der erste Weg in die K\u00fcche<\/li>\n<li style=\"text-align: justify;\">-&gt;\u00a0hei\u00dfe Zitrone mit Ingwer oder ein Gerstengras Getr\u00e4nk<\/li>\n<li style=\"text-align: justify;\">1-2 Datteln genehmige ich mir f\u00fcr die Energie.<\/li>\n<li style=\"text-align: justify;\">Z\u00e4hneputzen, Gesellschaftsf\u00e4hig machen, zur Wohnungst\u00fcre raus.<\/li>\n<li style=\"text-align: justify;\">H\u00e4tte ich mich fr\u00fcher nun an den Schreibtisch gesetzt, f\u00fchrt mich der Weg heute zuerst ins Fitnessstudio<\/li>\n<li style=\"text-align: justify;\">-&gt; Krafttraining oder Yoga &#8211; bis 9.<\/li>\n<li style=\"text-align: justify;\">Einen Kaffee und Tratsch mit den Trainingskollegen sp\u00e4ter, bin ich zwischen 9:30 und 10 im B\u00fcro<\/li>\n<\/ul>\n<p style=\"text-align: justify;\">Ab hier ist dann doch wieder jeder Tag anders, je nach dem ob gerade Uni, Arbeit oder der Blog Vorrang hat. Was gleich bleibt sind eine Pause am Nachmittag und das angenehme Gef\u00fchl einen Rhythmus zu haben &#8211; sowie Zeit f\u00fcr sch\u00f6ne\u00a0Dinge am Abend.<\/p>\n<p style=\"text-align: justify;\">Es sind ein paar wenige Schritte die diesen Rythmus bestimmen, aber schon \u00a0ganz kleinen Routinen, wie die Morgenroutine\u00a0geben Raum, Gedanken schweifen zu lassen. Bis im B\u00fcro haben mein Kopf und K\u00f6rper Zeit munter zu werden, und ihre Funktionen anzuschalten. Manchmal\u00a0funktioniert das mit dem Kopf erst nach dem zweiten Kaffee ^^<\/p>\n<p style=\"text-align: justify;\">Seit ich auch den ganzen Tag \u00fcber ganz bewusst darauf achte, nicht zu viele Termine einzuteilen und die Fristen zumindest halbwegs schiffbar aneinander zu reihen, f\u00e4llt mir immer mehr auf, wie schnell sich alles dreht, manches davon im Kreis. Doch Probleme l\u00f6sen sich nicht, wenn ich mich im Eiltempo und ohne nach rechts und links zu schauen durch den Tag bewege. Aktiv\/produktiv zu sein muss nicht gleich aktionsgeladen sein. Auch haben Achtsamkeit\/Bewusstheit nichts mit Siebenschl\u00e4fern zu tun. Im Gegenteil.<\/p>\n<p style=\"text-align: justify;\">Bewusst durch das Leben zu gehen, mag manchmal langsamer erscheinen, aber f\u00fcr mich ist es ein Weg in einer aus dem\u00a0Takt geratenen Umgebung\u00a0einen eigenen\u00a0Lebensrhythmus zu finden &#8211;\u00a0aufmerksamer zu \u00a0tun, manchmal auch nichts oder anders.<\/p>\n<h2>Finde deinen eigenen Takt<\/h2>\n<p><img loading=\"lazy\" decoding=\"async\" class=\"aligncenter size-medium wp-image-10656\" src=\"https:\/\/i0.wp.com\/www.stellamina.com\/wp-content\/uploads\/2016\/12\/Woron10-300x225.jpg?resize=300%2C225\" alt=\"woron10\" width=\"300\" height=\"225\" data-recalc-dims=\"1\" \/><\/p>\n<p style=\"text-align: justify;\">Was f\u00fcr mich ganz wunderbar funktioniert, k\u00f6nnte dein pers\u00f6nliches Schreckgespenst sein. \u00a0Nicht jeder ist \u00a0ein fr\u00fcher Vogel und nicht jeder findet seine Entspannung im Sport.<\/p>\n<p style=\"text-align: justify;\">Wichtig ist es, seine eigenen Bed\u00fcrfnisse und W\u00fcnsche zu erkennen und ihnen zumindest so weil als m\u00f6glich Raum zu geben. Manchmal findet man auch seinen Rhythmus und muss ihn \u00e4ndern, wegen einer neuen Arbeit, der Uni oder einem Menschen der ins Leben tritt und alles \u00fcber den Haufen wirft. Ein Grund zu Freude denn&#8230;<\/p>\n<blockquote><p>We usually can&#8217;t choose the music, life plays for us. But we can choose, how we dance to it.<\/p><\/blockquote>\n<p><img loading=\"lazy\" decoding=\"async\" class=\"aligncenter wp-image-10658 size-large\" src=\"https:\/\/i0.wp.com\/www.stellamina.com\/wp-content\/uploads\/2016\/12\/woron-1024x512.jpg?resize=1024%2C512\" alt=\"woron\" width=\"1024\" height=\"512\" data-recalc-dims=\"1\" \/><\/p>\n<blockquote><p>Die Kunst besteht darin, seinen eigenen Rhythmus zu finden, aber flexibel genug zu sein, seine Schritte zu \u00e4ndern, wenn der Beat ein anderer ist.<br \/>\nI said that.<\/p><\/blockquote>\n<p style=\"text-align: justify;\">Ein Rhythmus gibt Orientierung. Schon gro\u00dfe K\u00fcnstler, Dichter, Literaten und Kreative haben ihre Inspiration in der <a href=\"http:\/\/www.stellamina.com\/kreativitaet\/\">Routine<\/a> gefunden. (Ich habe den Thema schon mal einen eignen\u00a0<a href=\"http:\/\/www.stellamina.com\/kreativitaet\/\">Beitrag<\/a>\u00a0gewidmet.) Sinnvoll ist sie solange es kein Extrem wird und sie dich nicht einschr\u00e4nkt.<\/p>\n<p style=\"text-align: justify;\">Ich starte genau so gut in den Tag, wenn ich mal nicht mit Zitronenwasser aufstehe und ich bekomme auch keine Krise, wenn sich Morgensport einfach nicht ausgeht. Man muss sich nur immer auf die neue Situation einlassen und sie gerne leben.<\/p>\n<p style=\"text-align: justify;\">&#8220;Den einen&#8221; Rhythmus gibt es nicht. Daf\u00fcr \u00e4ndert sich unser Leben und die Welt um uns viel \u00a0zu schnell. Sei flexibel und experimentierfreudig &#8211; probiere verschiedene Rhythmen aus. Du bestimmst \u00fcber den Sender im Radio oder die Playlist am iPod und kannst am besten einsch\u00e4tzen, welcher Takt und\u00a0Rhythmus\u00a0der richtige f\u00fcr dich ist. Und wenn du ihn gefunden hast wirst du feststellen, wie viel Zeit und Energie du sparst, wenn du Dinge in deinem eigenen Lebensrhythmus angehst.<\/p>\n<blockquote><p>When the music changes.<br \/>\nSo does the dance.<br \/>\nAfrican Proverb.<\/p><\/blockquote>\n<p><img loading=\"lazy\" decoding=\"async\" class=\"aligncenter wp-image-10655 size-large\" src=\"https:\/\/i0.wp.com\/www.stellamina.com\/wp-content\/uploads\/2016\/12\/WORON9-768x1024.jpg?resize=768%2C1024\" alt=\"woron9\" width=\"768\" height=\"1024\" data-recalc-dims=\"1\" \/><\/p>\n<pre>Unterw\u00e4sche &amp; Body: <a href=\"https:\/\/www.woronstore.com\">Woronstore<\/a>.\nWORON is ein skandinavisches W\u00e4schelabel das von den Schwestern Anya and ArinaWoron gegr\u00fcndet wurde - kurz \"The Woron Sisters\". Ihr Ziel ist es Unterw\u00e4sche herzustellen, die du gerne als Erstes an und als Letztes ausziehst. Bequem, ohne Weiblichkeit und Style zu vernachl\u00e4ssigen. Ich finde das ist gelungen!<\/pre>\n<pre>Schlafmaske: <a href=\"https:\/\/www.etsy.com\/de\/shop\/LaAquarelle?ref=l2-shopheader-name\">La Aquarelle<\/a>\nLa Aquarelle macht nachhaltige, nat\u00fcrlich gef\u00e4rbte Schlafmasken in Handarbeit.Das Material ist Bambusseide - etwas ganz Besonderes und vor allem unglaublich weich. \"<em>Connect with nature throughout the night\"<\/em> ist das Ziel von Margarita und als WEIHNACHTSGESCHENK gibt es mit den Code <a href=\"https:\/\/www.etsy.com\/de\/shop\/LaAquarelle?ref=l2-shopheader-name\">STELLAMINA10<\/a> die ganze n\u00e4chste Woche 10% auf den Online<a href=\"https:\/\/www.etsy.com\/de\/shop\/LaAquarelle?ref=l2-shopheader-name\">SHOP<\/a> :)\n\nMantel: <a href=\"https:\/\/www.facebook.com\/GutzibyMitzi\/\">Gutzi\n<\/a>Das Label Gutzi - Herzensprojekt einer mittlerweile ganz lieben bekannten ist eines der allerersten Labels die ich zu Beginn meiner Fair-Fashion Reise entdeckt habe, und dem ich meine Treue halte. Faire Stoffe - handvern\u00e4ht im \u00f6sterreichischen Lichtenberg :)\n\nKette: <a href=\"http:\/\/www.concrete-jungle.de\">Concrete Jungle<\/a>.\n<em>\"Alle sagten, das geht nicht. Dann kam einer, der wusste das nicht und hat es einfach gemacht.\" <\/em>Endlich wurden wir concrete... \u00e4h konkret! Concrete Jungles\nm\u00f6chte das vorherrschende\u00a0Bild von Beton - massiv, grau und kalt - endlich drehen und zeigen, wie viele Facetten der Werkstoff hat - \u00fcberraschend und filigran!\n\nOhrringe: <a href=\"https:\/\/www.instagram.com\/wildstil\/\">Wildstil.\n<\/a>Schmuckdesign und Schmuckmanufaktur - Handmade in Graz.\n<\/pre>\n<pre>Fotos: <a href=\"http:\/\/www.saskiastolzlechner.com\">Saskia Stolzlechner<\/a> - eine wahnsinnig talentierte junge Fotografin &lt;3<a href=\"http:\/\/www.saskiastolzlechner.com\"><img loading=\"lazy\" decoding=\"async\" class=\"aligncenter wp-image-10675 size-thumbnail\" src=\"https:\/\/i0.wp.com\/www.stellamina.com\/wp-content\/uploads\/2016\/12\/saskiastolzlechner_hochzeitsfotografinwien-1-1-150x150.jpg?resize=150%2C150\" width=\"150\" height=\"150\" data-recalc-dims=\"1\" \/><\/a>\n\n<\/pre>\n","protected":false},"excerpt":{"rendered":"<p>Was auch immer du h\u00f6rst\u2026 das ist die Musik deines Lebens. Im Takt mit ihr zu tanzen, ist der vielleicht sch\u00f6nste aber auch schwierigste Tanz \u00fcberhaupt.<\/p>\n","protected":false},"author":1,"featured_media":10654,"comment_status":"open","ping_status":"open","sticky":false,"template":"","format":"standard","meta":{"jetpack_post_was_ever_published":false,"_jetpack_newsletter_access":"","_jetpack_dont_email_post_to_subs":true,"_jetpack_newsletter_tier_id":0,"_jetpack_memberships_contains_paywalled_content":false,"_jetpack_memberships_contains_paid_content":false,"footnotes":"","jetpack_publicize_message":"","jetpack_publicize_feature_enabled":true,"jetpack_social_post_already_shared":true,"jetpack_social_options":{"image_generator_settings":{"template":"highway","enabled":false}}},"categories":[1,264,247,493,582],"tags":[],"jetpack_publicize_connections":[],"yoast_head":"<!-- This site is optimized with the Yoast SEO plugin v20.5 - https:\/\/yoast.com\/wordpress\/plugins\/seo\/ -->\n<title>A new rythm of life. Mein t\u00e4glicher Tanz mit der Zeit. - stellamina<\/title>\n<meta name=\"description\" content=\"Was auch immer du h\u00f6rst\u2026 das ist die Musik deines Lebens. Im Takt mit ihr zu tanzen, ist der vielleicht sch\u00f6nste aber auch schwierigste Tanz \u00fcberhaupt.\" \/>\n<meta name=\"robots\" content=\"index, follow, max-snippet:-1, max-image-preview:large, max-video-preview:-1\" \/>\n<link rel=\"canonical\" href=\"http:\/\/www.stellamina.com\/portfolio\/a-new-rythm-of-life\/\" \/>\n<meta property=\"og:locale\" content=\"en_US\" \/>\n<meta property=\"og:type\" content=\"article\" \/>\n<meta property=\"og:title\" content=\"A new rythm of life. Mein t\u00e4glicher Tanz mit der Zeit. - stellamina\" \/>\n<meta property=\"og:description\" content=\"Was auch immer du h\u00f6rst\u2026 das ist die Musik deines Lebens. Im Takt mit ihr zu tanzen, ist der vielleicht sch\u00f6nste aber auch schwierigste Tanz \u00fcberhaupt.\" \/>\n<meta property=\"og:url\" content=\"http:\/\/www.stellamina.com\/portfolio\/a-new-rythm-of-life\/\" \/>\n<meta property=\"og:site_name\" content=\"STELLAMINA\" \/>\n<meta property=\"article:published_time\" content=\"2016-12-11T20:55:37+00:00\" \/>\n<meta name=\"author\" content=\"Amina Stella Steiner\" \/>\n<meta name=\"twitter:card\" content=\"summary_large_image\" \/>\n<meta name=\"twitter:label1\" content=\"Written by\" \/>\n\t<meta name=\"twitter:data1\" content=\"Amina Stella Steiner\" \/>\n\t<meta name=\"twitter:label2\" content=\"Est. reading time\" \/>\n\t<meta name=\"twitter:data2\" content=\"7 minutes\" \/>\n<script type=\"application\/ld+json\" class=\"yoast-schema-graph\">{\"@context\":\"https:\/\/schema.org\",\"@graph\":[{\"@type\":\"WebPage\",\"@id\":\"http:\/\/www.stellamina.com\/portfolio\/a-new-rythm-of-life\/\",\"url\":\"http:\/\/www.stellamina.com\/portfolio\/a-new-rythm-of-life\/\",\"name\":\"A new rythm of life. Mein t\u00e4glicher Tanz mit der Zeit. - stellamina\",\"isPartOf\":{\"@id\":\"http:\/\/www.stellamina.com\/portfolio\/#website\"},\"datePublished\":\"2016-12-11T20:55:37+00:00\",\"dateModified\":\"2016-12-11T20:55:37+00:00\",\"author\":{\"@id\":\"http:\/\/www.stellamina.com\/portfolio\/#\/schema\/person\/e416891c727c671692f6c2c884658304\"},\"description\":\"Was auch immer du h\u00f6rst\u2026 das ist die Musik deines Lebens. Im Takt mit ihr zu tanzen, ist der vielleicht sch\u00f6nste aber auch schwierigste Tanz \u00fcberhaupt.\",\"breadcrumb\":{\"@id\":\"http:\/\/www.stellamina.com\/portfolio\/a-new-rythm-of-life\/#breadcrumb\"},\"inLanguage\":\"en-US\",\"potentialAction\":[{\"@type\":\"ReadAction\",\"target\":[\"http:\/\/www.stellamina.com\/portfolio\/a-new-rythm-of-life\/\"]}]},{\"@type\":\"BreadcrumbList\",\"@id\":\"http:\/\/www.stellamina.com\/portfolio\/a-new-rythm-of-life\/#breadcrumb\",\"itemListElement\":[{\"@type\":\"ListItem\",\"position\":1,\"name\":\"Home\",\"item\":\"https:\/\/www.stellamina.com\/portfolio\/\"},{\"@type\":\"ListItem\",\"position\":2,\"name\":\"A new rythm of life. Mein t\u00e4glicher Tanz mit der Zeit.\"}]},{\"@type\":\"WebSite\",\"@id\":\"http:\/\/www.stellamina.com\/portfolio\/#website\",\"url\":\"http:\/\/www.stellamina.com\/portfolio\/\",\"name\":\"STELLAMINA\",\"description\":\"visual storytelling for a better world\",\"potentialAction\":[{\"@type\":\"SearchAction\",\"target\":{\"@type\":\"EntryPoint\",\"urlTemplate\":\"http:\/\/www.stellamina.com\/portfolio\/?s={search_term_string}\"},\"query-input\":\"required name=search_term_string\"}],\"inLanguage\":\"en-US\"},{\"@type\":\"Person\",\"@id\":\"http:\/\/www.stellamina.com\/portfolio\/#\/schema\/person\/e416891c727c671692f6c2c884658304\",\"name\":\"Amina Stella Steiner\",\"image\":{\"@type\":\"ImageObject\",\"inLanguage\":\"en-US\",\"@id\":\"http:\/\/www.stellamina.com\/portfolio\/#\/schema\/person\/image\/\",\"url\":\"https:\/\/secure.gravatar.com\/avatar\/92319eb31fc9079e66a5daca325443e3?s=96&d=retro&r=g\",\"contentUrl\":\"https:\/\/secure.gravatar.com\/avatar\/92319eb31fc9079e66a5daca325443e3?s=96&d=retro&r=g\",\"caption\":\"Amina Stella Steiner\"},\"url\":\"https:\/\/www.stellamina.com\/portfolio\/author\/amina-stella-steiner\/\"}]}<\/script>\n<!-- \/ Yoast SEO plugin. -->","yoast_head_json":{"title":"A new rythm of life. Mein t\u00e4glicher Tanz mit der Zeit. - stellamina","description":"Was auch immer du h\u00f6rst\u2026 das ist die Musik deines Lebens. Im Takt mit ihr zu tanzen, ist der vielleicht sch\u00f6nste aber auch schwierigste Tanz \u00fcberhaupt.","robots":{"index":"index","follow":"follow","max-snippet":"max-snippet:-1","max-image-preview":"max-image-preview:large","max-video-preview":"max-video-preview:-1"},"canonical":"http:\/\/www.stellamina.com\/portfolio\/a-new-rythm-of-life\/","og_locale":"en_US","og_type":"article","og_title":"A new rythm of life. Mein t\u00e4glicher Tanz mit der Zeit. - stellamina","og_description":"Was auch immer du h\u00f6rst\u2026 das ist die Musik deines Lebens. Im Takt mit ihr zu tanzen, ist der vielleicht sch\u00f6nste aber auch schwierigste Tanz \u00fcberhaupt.","og_url":"http:\/\/www.stellamina.com\/portfolio\/a-new-rythm-of-life\/","og_site_name":"STELLAMINA","article_published_time":"2016-12-11T20:55:37+00:00","author":"Amina Stella Steiner","twitter_card":"summary_large_image","twitter_misc":{"Written by":"Amina Stella Steiner","Est. reading time":"7 minutes"},"schema":{"@context":"https:\/\/schema.org","@graph":[{"@type":"WebPage","@id":"http:\/\/www.stellamina.com\/portfolio\/a-new-rythm-of-life\/","url":"http:\/\/www.stellamina.com\/portfolio\/a-new-rythm-of-life\/","name":"A new rythm of life. Mein t\u00e4glicher Tanz mit der Zeit. - stellamina","isPartOf":{"@id":"http:\/\/www.stellamina.com\/portfolio\/#website"},"datePublished":"2016-12-11T20:55:37+00:00","dateModified":"2016-12-11T20:55:37+00:00","author":{"@id":"http:\/\/www.stellamina.com\/portfolio\/#\/schema\/person\/e416891c727c671692f6c2c884658304"},"description":"Was auch immer du h\u00f6rst\u2026 das ist die Musik deines Lebens. Im Takt mit ihr zu tanzen, ist der vielleicht sch\u00f6nste aber auch schwierigste Tanz \u00fcberhaupt.","breadcrumb":{"@id":"http:\/\/www.stellamina.com\/portfolio\/a-new-rythm-of-life\/#breadcrumb"},"inLanguage":"en-US","potentialAction":[{"@type":"ReadAction","target":["http:\/\/www.stellamina.com\/portfolio\/a-new-rythm-of-life\/"]}]},{"@type":"BreadcrumbList","@id":"http:\/\/www.stellamina.com\/portfolio\/a-new-rythm-of-life\/#breadcrumb","itemListElement":[{"@type":"ListItem","position":1,"name":"Home","item":"https:\/\/www.stellamina.com\/portfolio\/"},{"@type":"ListItem","position":2,"name":"A new rythm of life. Mein t\u00e4glicher Tanz mit der Zeit."}]},{"@type":"WebSite","@id":"http:\/\/www.stellamina.com\/portfolio\/#website","url":"http:\/\/www.stellamina.com\/portfolio\/","name":"STELLAMINA","description":"visual storytelling for a better world","potentialAction":[{"@type":"SearchAction","target":{"@type":"EntryPoint","urlTemplate":"http:\/\/www.stellamina.com\/portfolio\/?s={search_term_string}"},"query-input":"required name=search_term_string"}],"inLanguage":"en-US"},{"@type":"Person","@id":"http:\/\/www.stellamina.com\/portfolio\/#\/schema\/person\/e416891c727c671692f6c2c884658304","name":"Amina Stella Steiner","image":{"@type":"ImageObject","inLanguage":"en-US","@id":"http:\/\/www.stellamina.com\/portfolio\/#\/schema\/person\/image\/","url":"https:\/\/secure.gravatar.com\/avatar\/92319eb31fc9079e66a5daca325443e3?s=96&d=retro&r=g","contentUrl":"https:\/\/secure.gravatar.com\/avatar\/92319eb31fc9079e66a5daca325443e3?s=96&d=retro&r=g","caption":"Amina Stella Steiner"},"url":"https:\/\/www.stellamina.com\/portfolio\/author\/amina-stella-steiner\/"}]}},"jetpack_featured_media_url":"","jetpack_sharing_enabled":true,"jetpack_shortlink":"https:\/\/wp.me\/p80DMU-2LJ","amp_enabled":true,"_links":{"self":[{"href":"https:\/\/www.stellamina.com\/portfolio\/wp-json\/wp\/v2\/posts\/10647"}],"collection":[{"href":"https:\/\/www.stellamina.com\/portfolio\/wp-json\/wp\/v2\/posts"}],"about":[{"href":"https:\/\/www.stellamina.com\/portfolio\/wp-json\/wp\/v2\/types\/post"}],"author":[{"embeddable":true,"href":"https:\/\/www.stellamina.com\/portfolio\/wp-json\/wp\/v2\/users\/1"}],"replies":[{"embeddable":true,"href":"https:\/\/www.stellamina.com\/portfolio\/wp-json\/wp\/v2\/comments?post=10647"}],"version-history":[{"count":0,"href":"https:\/\/www.stellamina.com\/portfolio\/wp-json\/wp\/v2\/posts\/10647\/revisions"}],"wp:featuredmedia":[{"embeddable":true,"href":"https:\/\/www.stellamina.com\/portfolio\/wp-json\/"}],"wp:attachment":[{"href":"https:\/\/www.stellamina.com\/portfolio\/wp-json\/wp\/v2\/media?parent=10647"}],"wp:term":[{"taxonomy":"category","embeddable":true,"href":"https:\/\/www.stellamina.com\/portfolio\/wp-json\/wp\/v2\/categories?post=10647"},{"taxonomy":"post_tag","embeddable":true,"href":"https:\/\/www.stellamina.com\/portfolio\/wp-json\/wp\/v2\/tags?post=10647"}],"curies":[{"name":"wp","href":"https:\/\/api.w.org\/{rel}","templated":true}]}}