{"id":10930,"date":"2017-02-04T23:12:01","date_gmt":"2017-02-04T22:12:01","guid":{"rendered":"http:\/\/www.stellamina.com\/?p=10930"},"modified":"2017-02-04T23:12:01","modified_gmt":"2017-02-04T22:12:01","slug":"minus-waste","status":"publish","type":"post","link":"https:\/\/www.stellamina.com\/portfolio\/minus-waste\/","title":{"rendered":"Revolution im W\u00f6rterbuch der Nachhaltigkeit: MINUS-WASTE"},"content":{"rendered":"<p style=\"text-align: justify;\">Lasst uns eine Revolution starten! Ein neues Wort definieren und ihm Bedeutung und Rahmen geben. Lasst uns Dinge ausprobieren, verr\u00fcckte Zutaten zusammen mixen und sie uns auf K\u00f6rper und Haare schmieren. Lasst es uns anders machen, aber gut! Aus weniger mehr und aus einem Hauch von nichts etwas machen.\u00a0Lasst uns mit weniger gl\u00fccklicher sein und zeigen, dass es Zeit zum Umdenken ist.<\/p>\n<blockquote><p>Live less out of habit and more out of intent.<\/p><\/blockquote>\n<p style=\"text-align: justify;\">Immer dann, wenn es zu viel von etwas gibt, l\u00e4sst die Gegenbewegung nicht lange auf sich warten. Es gibt Zeiten, in denen es notwendig ist, gegen Dinge die falsch laufen zu k\u00e4mpfen, mal friedlicher, mal weniger.<\/p>\n<p><img loading=\"lazy\" decoding=\"async\" class=\"aligncenter wp-image-10937\" src=\"https:\/\/i0.wp.com\/www.stellamina.com\/wp-content\/uploads\/2017\/02\/Bildschirmfoto-2017-02-04-um-10.38.40.png?resize=600%2C209\" width=\"600\" height=\"209\" data-recalc-dims=\"1\" \/><\/p>\n<p style=\"text-align: justify;\">W\u00fcrde ich nun anfangen die Ungerechtigkeiten dieser Welt aufzuz\u00e4hlen, m\u00fcsste ich einen politischen Essay verfassen, und vielleicht kommt das irgendwann, aber ich muss zugeben, mich aktuell nicht in der Lage zu f\u00fchlen das in einem Beitrag abzuhandeln.<br \/>\nWas ich kann, ist beim Kleinen anzufangen und bei mir selbst, sowie bei Themen auf die jeder von uns Einfluss hat. Eines davon hei\u00dft M\u00dcLL und davon gibt es nun wirklich zu viel.<\/p>\n<p style=\"text-align: justify;\">Der Durchschnitts-\u00d6sterreicher produziert \u00f8 587 Kilogramm Abfall pro Kopf und Jahr!!! Man bedenke, dass diese Zahl die Industrie und Wirtschaftsabf\u00e4lle nicht miteinbezieht. Nur minimal tr\u00f6stet die Tatsache, dass in \u00d6sterreich, wenn man Recycling und Kompostierung zusammengez\u00e4hlt, \u00fcber die H\u00e4lfte\u00a0des behandelten M\u00fclls wiederverwertet werden.<\/p>\n<p style=\"text-align: justify;\">Besser aber w\u00e4re, wenn der M\u00fcll gar nicht erst entst\u00fcnde, womit wir beim Thema Zero-Waste angelangt sind.<\/p>\n<blockquote><p>Less is more. More or less.<\/p><\/blockquote>\n<p><img loading=\"lazy\" decoding=\"async\" class=\"aligncenter wp-image-10935\" src=\"https:\/\/i0.wp.com\/www.stellamina.com\/wp-content\/uploads\/2017\/02\/Bildschirmfoto-2017-02-04-um-10.24.19-300x194.png?resize=600%2C388\" width=\"600\" height=\"388\" data-recalc-dims=\"1\" \/><\/p>\n<p style=\"text-align: justify;\">Zero-Waste ist nicht nur Lebenseinstellung und Philosophie, sondern ganz generell ein System in dem alle Ressourcen und Produkte entweder in anderer Form wieder verwendet, oder in einen Kreislauf zur\u00fcckgef\u00fchrt werden. Orientiert an den Abl\u00e4ufen der Natur, funktioniert das durch die bewusste Verwendung von langlebigen, nat\u00fcrlichen und oder nachwachsenden Rohstoffen, oder solchen die zu 100% wiederverwertet werden k\u00f6nnen.<\/p>\n<p style=\"text-align: justify;\">\u201eDa haben wir doch die L\u00f6sung!\u201c K\u00f6nnte man nun in den Raum rufen und trotzdem musste ich feststellen, dass Zero-Waste f\u00fcr mich einfach nicht funktioniert. Die Begrifflichkeit scheitert f\u00fcr mich pers\u00f6nlich nicht an der Reduktion von M\u00fcll &#8211; mit Planung, Organisation und Selbermachen ist unglaublich viel machbar! Es scheitert f\u00fcr mich an der Definition. ZERO bedeutet KEIN. Zwar beweisen viele Blogs, Personen und auch meine pers\u00f6nlichen Erfahrungen, dass sich unglaublich viel M\u00fcll einsparen l\u00e4sst, aber eben nicht der Ganze. Selbst wenn ich nur unverpackt einkaufe, Second Hand Sachen allem anderen vorziehe etc. &#8230; irgendwo in der Kette ist M\u00fcll entstanden und den kann man nicht wegdenken.<\/p>\n<p style=\"text-align: justify;\">Genau darum verlangen mein pragmatischer Zugang und meine Ehrlichkeit gegen\u00fcber Tatsachen und mir selbst nach einem anderen Wort \u2013 <strong>Minus-Waste<\/strong> \u2013 so wenig M\u00fcll wie m\u00f6glich zu produzieren &#8211; ein Ziel das ich Schritt f\u00fcr Schritt erreichen m\u00f6chte.<\/p>\n<blockquote><p>Don\u2019t complain. Contribute.<\/p><\/blockquote>\n<p style=\"text-align: justify;\">Dieser Beitrag ist der Beginn einer Rubrik die ich in Zukunft sehr intensiv pflegen und f\u00fcllen m\u00f6chte, allerdings fahre ich mich auch nicht auf den Begriff ein, sondern werde allem voran im Sinne des Zero-Waste Lifestyle aktiv sein. Nur ganz nebenbei soll der Begriff, dem sich hoffentlich viele von euch verbunden f\u00fchlen, eine Nebenb\u00fchne bekommen. Ich werde in kurzen Beitr\u00e4gen, Schritt f\u00fcr Schritt, Anleitungen zu einem M\u00fcll-reduzierten Lebensstil geben, wohlgemerkt mit einer ordentlichen Portion Design und Spa\u00df. Ich werde meine pers\u00f6nlichen Erfahrungen, Erfolgserlebnisse und Probleme teilen, aber auch Unternehmen vorstellen, die es geschafft haben in ihren Prozessen besonders ressourcen-schonend zu arbeiten. Ich werde euch Rezepte an die Hand geben und euch zum au\u00dfergew\u00f6hnlich sein aufrufen. Verr\u00fcckt und sexy. Ja, Nachhaltigkeit darf auch sexy sein \ud83d\ude09<\/p>\n<p><img loading=\"lazy\" decoding=\"async\" class=\"aligncenter wp-image-10939 size-full\" src=\"https:\/\/i0.wp.com\/www.stellamina.com\/wp-content\/uploads\/2017\/02\/Bildschirmfoto-2017-02-04-um-22.18.47.png?resize=738%2C1046\" width=\"738\" height=\"1046\" data-recalc-dims=\"1\" \/><\/p>\n<pre>BILDINFOS\n<strong>Erstes Bild:<\/strong>\n-\u00a0Leggins aus recycelten Plastikflaschen von <a href=\"https:\/\/nicetomeetme.at\">nicetomeetme<\/a>\n- Beauty Produkte von <a href=\"http:\/\/lush.com\">Lush<\/a>. Handgemacht. Beh\u00e4lter kann man zur\u00fcckgeben. Kaufe ich aber mittlerweile nicht mehr da es keine reine Naturkosmetik ist.\u00a0\n<strong>Zweites Bild:\u00a0<\/strong>\n- Zitronen unverpackt gekauft in der <a href=\"http:\/\/www.casacaria.com\">Casa Caria<\/a>. Stammen aus dem Garten in Italien vom Vater der Besitzer des Ladens - oder irgendwie so.\n<strong>Drittes Bild:\u00a0<\/strong>\n- Auslage bei <a href=\"http:\/\/original-unverpackt.de\">Original Unverpackt<\/a>, dem Zero-Waste Shop in Berlin\u00a0\n- Nat\u00fcrliche Zahnstocher von <a href=\"http:\/\/original-unverpackt.de\">Original Unverpackt<\/a>. Funktionieren ehrlich gesagt mittelm\u00e4\u00dfig, aber einen Versuch war es wert ;)\u00a0\n<strong>Viertes Bild:\u00a0<\/strong>\n- <a href=\"https:\/\/foodsharing.at\/?page=fairteiler&amp;bid=13\">Foodsharing<\/a> K\u00fchlschrank im <a href=\"http:\/\/www.schikaneder.at\/jart\/prj3\/schikaneder\/main.jart\">Schikaneder<\/a>\n- Gem\u00fcse von Markt in meinen selbstgen\u00e4hten Taschen\u00a0\n- Zitronen, schon wieder.\n- Ich und Zwetschgen vom Baum ;)<\/pre>\n","protected":false},"excerpt":{"rendered":"<p>Lasst uns eine Revolution starten! Ein neues Wort definieren und ihm Bedeutung und Rahmen geben. Lasst es uns anders machen aber gut! <\/p>\n","protected":false},"author":1,"featured_media":10936,"comment_status":"open","ping_status":"open","sticky":false,"template":"","format":"standard","meta":{"jetpack_post_was_ever_published":false,"_jetpack_newsletter_access":"","_jetpack_dont_email_post_to_subs":true,"_jetpack_newsletter_tier_id":0,"_jetpack_memberships_contains_paywalled_content":false,"_jetpack_memberships_contains_paid_content":false,"footnotes":"","jetpack_publicize_message":"","jetpack_publicize_feature_enabled":true,"jetpack_social_post_already_shared":true,"jetpack_social_options":{"image_generator_settings":{"template":"highway","enabled":false}}},"categories":[1,247,248,707],"tags":[708,293,322,693,250,710,861,252],"jetpack_publicize_connections":[],"yoast_head":"<!-- This site is optimized with the Yoast SEO plugin v20.5 - https:\/\/yoast.com\/wordpress\/plugins\/seo\/ -->\n<title>Revolution im W\u00f6rterbuch der Nachhaltigkeit: MINUS-WASTE - stellamina<\/title>\n<meta name=\"description\" content=\"Lasst uns eine Revolution starten! Ein neues Wort definieren und dem &quot;minus-waste&quot; Bedeutung und Rahmen geben. Lasst es uns anders machen aber gut!\" \/>\n<meta name=\"robots\" content=\"index, follow, max-snippet:-1, max-image-preview:large, max-video-preview:-1\" \/>\n<link rel=\"canonical\" href=\"https:\/\/www.stellamina.com\/portfolio\/minus-waste\/\" \/>\n<meta property=\"og:locale\" content=\"en_US\" \/>\n<meta property=\"og:type\" content=\"article\" \/>\n<meta property=\"og:title\" content=\"Revolution im W\u00f6rterbuch der Nachhaltigkeit: MINUS-WASTE - stellamina\" \/>\n<meta property=\"og:description\" content=\"Lasst uns eine Revolution starten! Ein neues Wort definieren und dem &quot;minus-waste&quot; Bedeutung und Rahmen geben. Lasst es uns anders machen aber gut!\" \/>\n<meta property=\"og:url\" content=\"https:\/\/www.stellamina.com\/portfolio\/minus-waste\/\" \/>\n<meta property=\"og:site_name\" content=\"STELLAMINA\" \/>\n<meta property=\"article:published_time\" content=\"2017-02-04T22:12:01+00:00\" \/>\n<meta name=\"author\" content=\"Amina Stella Steiner\" \/>\n<meta name=\"twitter:card\" content=\"summary_large_image\" \/>\n<meta name=\"twitter:label1\" content=\"Written by\" \/>\n\t<meta name=\"twitter:data1\" content=\"Amina Stella Steiner\" \/>\n\t<meta name=\"twitter:label2\" content=\"Est. reading time\" \/>\n\t<meta name=\"twitter:data2\" content=\"4 minutes\" \/>\n<script type=\"application\/ld+json\" class=\"yoast-schema-graph\">{\"@context\":\"https:\/\/schema.org\",\"@graph\":[{\"@type\":\"WebPage\",\"@id\":\"https:\/\/www.stellamina.com\/portfolio\/minus-waste\/\",\"url\":\"https:\/\/www.stellamina.com\/portfolio\/minus-waste\/\",\"name\":\"Revolution im W\u00f6rterbuch der Nachhaltigkeit: MINUS-WASTE - stellamina\",\"isPartOf\":{\"@id\":\"http:\/\/www.stellamina.com\/portfolio\/#website\"},\"datePublished\":\"2017-02-04T22:12:01+00:00\",\"dateModified\":\"2017-02-04T22:12:01+00:00\",\"author\":{\"@id\":\"http:\/\/www.stellamina.com\/portfolio\/#\/schema\/person\/e416891c727c671692f6c2c884658304\"},\"description\":\"Lasst uns eine Revolution starten! Ein neues Wort definieren und dem \\\"minus-waste\\\" Bedeutung und Rahmen geben. Lasst es uns anders machen aber gut!\",\"breadcrumb\":{\"@id\":\"https:\/\/www.stellamina.com\/portfolio\/minus-waste\/#breadcrumb\"},\"inLanguage\":\"en-US\",\"potentialAction\":[{\"@type\":\"ReadAction\",\"target\":[\"https:\/\/www.stellamina.com\/portfolio\/minus-waste\/\"]}]},{\"@type\":\"BreadcrumbList\",\"@id\":\"https:\/\/www.stellamina.com\/portfolio\/minus-waste\/#breadcrumb\",\"itemListElement\":[{\"@type\":\"ListItem\",\"position\":1,\"name\":\"Home\",\"item\":\"https:\/\/www.stellamina.com\/portfolio\/\"},{\"@type\":\"ListItem\",\"position\":2,\"name\":\"Revolution im W\u00f6rterbuch der Nachhaltigkeit: MINUS-WASTE\"}]},{\"@type\":\"WebSite\",\"@id\":\"http:\/\/www.stellamina.com\/portfolio\/#website\",\"url\":\"http:\/\/www.stellamina.com\/portfolio\/\",\"name\":\"STELLAMINA\",\"description\":\"visual storytelling for a better world\",\"potentialAction\":[{\"@type\":\"SearchAction\",\"target\":{\"@type\":\"EntryPoint\",\"urlTemplate\":\"http:\/\/www.stellamina.com\/portfolio\/?s={search_term_string}\"},\"query-input\":\"required name=search_term_string\"}],\"inLanguage\":\"en-US\"},{\"@type\":\"Person\",\"@id\":\"http:\/\/www.stellamina.com\/portfolio\/#\/schema\/person\/e416891c727c671692f6c2c884658304\",\"name\":\"Amina Stella Steiner\",\"image\":{\"@type\":\"ImageObject\",\"inLanguage\":\"en-US\",\"@id\":\"http:\/\/www.stellamina.com\/portfolio\/#\/schema\/person\/image\/\",\"url\":\"https:\/\/secure.gravatar.com\/avatar\/92319eb31fc9079e66a5daca325443e3?s=96&d=retro&r=g\",\"contentUrl\":\"https:\/\/secure.gravatar.com\/avatar\/92319eb31fc9079e66a5daca325443e3?s=96&d=retro&r=g\",\"caption\":\"Amina Stella Steiner\"},\"url\":\"https:\/\/www.stellamina.com\/portfolio\/author\/amina-stella-steiner\/\"}]}<\/script>\n<!-- \/ Yoast SEO plugin. -->","yoast_head_json":{"title":"Revolution im W\u00f6rterbuch der Nachhaltigkeit: MINUS-WASTE - stellamina","description":"Lasst uns eine Revolution starten! Ein neues Wort definieren und dem \"minus-waste\" Bedeutung und Rahmen geben. Lasst es uns anders machen aber gut!","robots":{"index":"index","follow":"follow","max-snippet":"max-snippet:-1","max-image-preview":"max-image-preview:large","max-video-preview":"max-video-preview:-1"},"canonical":"https:\/\/www.stellamina.com\/portfolio\/minus-waste\/","og_locale":"en_US","og_type":"article","og_title":"Revolution im W\u00f6rterbuch der Nachhaltigkeit: MINUS-WASTE - stellamina","og_description":"Lasst uns eine Revolution starten! Ein neues Wort definieren und dem \"minus-waste\" Bedeutung und Rahmen geben. Lasst es uns anders machen aber gut!","og_url":"https:\/\/www.stellamina.com\/portfolio\/minus-waste\/","og_site_name":"STELLAMINA","article_published_time":"2017-02-04T22:12:01+00:00","author":"Amina Stella Steiner","twitter_card":"summary_large_image","twitter_misc":{"Written by":"Amina Stella Steiner","Est. reading time":"4 minutes"},"schema":{"@context":"https:\/\/schema.org","@graph":[{"@type":"WebPage","@id":"https:\/\/www.stellamina.com\/portfolio\/minus-waste\/","url":"https:\/\/www.stellamina.com\/portfolio\/minus-waste\/","name":"Revolution im W\u00f6rterbuch der Nachhaltigkeit: MINUS-WASTE - stellamina","isPartOf":{"@id":"http:\/\/www.stellamina.com\/portfolio\/#website"},"datePublished":"2017-02-04T22:12:01+00:00","dateModified":"2017-02-04T22:12:01+00:00","author":{"@id":"http:\/\/www.stellamina.com\/portfolio\/#\/schema\/person\/e416891c727c671692f6c2c884658304"},"description":"Lasst uns eine Revolution starten! Ein neues Wort definieren und dem \"minus-waste\" Bedeutung und Rahmen geben. Lasst es uns anders machen aber gut!","breadcrumb":{"@id":"https:\/\/www.stellamina.com\/portfolio\/minus-waste\/#breadcrumb"},"inLanguage":"en-US","potentialAction":[{"@type":"ReadAction","target":["https:\/\/www.stellamina.com\/portfolio\/minus-waste\/"]}]},{"@type":"BreadcrumbList","@id":"https:\/\/www.stellamina.com\/portfolio\/minus-waste\/#breadcrumb","itemListElement":[{"@type":"ListItem","position":1,"name":"Home","item":"https:\/\/www.stellamina.com\/portfolio\/"},{"@type":"ListItem","position":2,"name":"Revolution im W\u00f6rterbuch der Nachhaltigkeit: MINUS-WASTE"}]},{"@type":"WebSite","@id":"http:\/\/www.stellamina.com\/portfolio\/#website","url":"http:\/\/www.stellamina.com\/portfolio\/","name":"STELLAMINA","description":"visual storytelling for a better world","potentialAction":[{"@type":"SearchAction","target":{"@type":"EntryPoint","urlTemplate":"http:\/\/www.stellamina.com\/portfolio\/?s={search_term_string}"},"query-input":"required name=search_term_string"}],"inLanguage":"en-US"},{"@type":"Person","@id":"http:\/\/www.stellamina.com\/portfolio\/#\/schema\/person\/e416891c727c671692f6c2c884658304","name":"Amina Stella Steiner","image":{"@type":"ImageObject","inLanguage":"en-US","@id":"http:\/\/www.stellamina.com\/portfolio\/#\/schema\/person\/image\/","url":"https:\/\/secure.gravatar.com\/avatar\/92319eb31fc9079e66a5daca325443e3?s=96&d=retro&r=g","contentUrl":"https:\/\/secure.gravatar.com\/avatar\/92319eb31fc9079e66a5daca325443e3?s=96&d=retro&r=g","caption":"Amina Stella Steiner"},"url":"https:\/\/www.stellamina.com\/portfolio\/author\/amina-stella-steiner\/"}]}},"jetpack_featured_media_url":"","jetpack_sharing_enabled":true,"jetpack_shortlink":"https:\/\/wp.me\/p80DMU-2Qi","amp_enabled":true,"_links":{"self":[{"href":"https:\/\/www.stellamina.com\/portfolio\/wp-json\/wp\/v2\/posts\/10930"}],"collection":[{"href":"https:\/\/www.stellamina.com\/portfolio\/wp-json\/wp\/v2\/posts"}],"about":[{"href":"https:\/\/www.stellamina.com\/portfolio\/wp-json\/wp\/v2\/types\/post"}],"author":[{"embeddable":true,"href":"https:\/\/www.stellamina.com\/portfolio\/wp-json\/wp\/v2\/users\/1"}],"replies":[{"embeddable":true,"href":"https:\/\/www.stellamina.com\/portfolio\/wp-json\/wp\/v2\/comments?post=10930"}],"version-history":[{"count":0,"href":"https:\/\/www.stellamina.com\/portfolio\/wp-json\/wp\/v2\/posts\/10930\/revisions"}],"wp:featuredmedia":[{"embeddable":true,"href":"https:\/\/www.stellamina.com\/portfolio\/wp-json\/"}],"wp:attachment":[{"href":"https:\/\/www.stellamina.com\/portfolio\/wp-json\/wp\/v2\/media?parent=10930"}],"wp:term":[{"taxonomy":"category","embeddable":true,"href":"https:\/\/www.stellamina.com\/portfolio\/wp-json\/wp\/v2\/categories?post=10930"},{"taxonomy":"post_tag","embeddable":true,"href":"https:\/\/www.stellamina.com\/portfolio\/wp-json\/wp\/v2\/tags?post=10930"}],"curies":[{"name":"wp","href":"https:\/\/api.w.org\/{rel}","templated":true}]}}