{"id":124,"date":"2016-10-15T19:54:55","date_gmt":"2016-10-15T17:54:55","guid":{"rendered":"http:\/\/www.stellamina.com\/portfolio\/?p=124"},"modified":"2016-11-08T17:43:28","modified_gmt":"2016-11-08T16:43:28","slug":"namaste-am-see","status":"publish","type":"post","link":"https:\/\/www.stellamina.com\/portfolio\/namaste-am-see\/","title":{"rendered":"&#8220;Namast\u00e9 am See&#8221;. Fit, Flow, Fly Retreat. Social Media Event support."},"content":{"rendered":"<p style=\"text-align: justify;\"><a href=\"http:\/\/yoga.woerthersee.com\"><strong>&#8220;Namast\u00e9 am See&#8221;<\/strong><\/a> is a campaign and touristic program run by the <a href=\"http:\/\/www.woerthersee.com\">W\u00f6rthersee tourism board<\/a> in order to foster yoga retreats, classes and vacations around the lake of W\u00f6rthersee throughout the year. The main goal is to make the region more attractive to new and younger civil groups and to extend\u00a0the touristic seasons.<br \/>\nEach year several yoga retreats are beeing organized in cooperation wit local and international partners &#8211; the &#8220;<a href=\"http:\/\/yoga.woerthersee.com\/fit-flow-fly-yoga-retreat\/\">Fit, Flow, Fly retreat<\/a>&#8221; was one\u00a0of them.<\/p>\n<h2>challange.<\/h2>\n<p style=\"text-align: justify;\">Create awareness about the retreat on social media shortly before, during and after the event. Produce high quality images for social media and web usage. Create a consistent aesthetic throughout the duration of the retreat that can be followed afterwards. Build up a small community of interested people and create interaction and conversation with followers.<\/p>\n<h2>solution<\/h2>\n<p style=\"text-align: justify;\">Traveling to the retreat. Taking pictures and gather first hand impressions. Share Images on Facebook and Instagram 3x a day.<\/p>\n<h3 style=\"text-align: justify;\">Images<\/h3>\n<p style=\"text-align: justify;\">A set of 300 edited pictures has been created to cover all important happenings and moments throughout the retreat. They then served as content for all social media channels during the retreat and later also for further web usage. The gallery displays a small selection of the images.<\/p>\n<h3>Facebook.<\/h3>\n<p>3 posts a day included a morning impression, an inspirational text and a photo gallery of the day in the evening.<\/p>\n<p>&nbsp;<\/p>\n<h3>Instagram.<\/h3>\n<p style=\"text-align: justify;\">The channel was taken over by me, some days before the retreat in order to establish a consistent\u00a0image that was then continued with first hand content from the retreat. \u00a0The result of this channel take-over was a long-term cooperation for Instagram.<\/p>\n\n\t\t<style type=\"text\/css\">\n\t\t\t#gallery-1 {\n\t\t\t\tmargin: auto;\n\t\t\t}\n\t\t\t#gallery-1 .gallery-item {\n\t\t\t\tfloat: left;\n\t\t\t\tmargin-top: 10px;\n\t\t\t\ttext-align: center;\n\t\t\t\twidth: 33%;\n\t\t\t}\n\t\t\t#gallery-1 img {\n\t\t\t\tborder: 2px solid #cfcfcf;\n\t\t\t}\n\t\t\t#gallery-1 .gallery-caption {\n\t\t\t\tmargin-left: 0;\n\t\t\t}\n\t\t\t\/* see gallery_shortcode() in wp-includes\/media.php *\/\n\t\t<\/style>\n\t\t<div id='gallery-1' class='gallery galleryid-124 gallery-columns-3 gallery-size-large'><dl class='gallery-item'>\n\t\t\t<dt class='gallery-icon portrait'>\n\t\t\t\t<a href='https:\/\/www.stellamina.com\/portfolio\/namaste-am-see\/bildschirmfoto-2016-11-08-um-17-10-57\/'><img loading=\"lazy\" decoding=\"async\" width=\"1022\" height=\"1024\" src=\"https:\/\/i0.wp.com\/www.stellamina.com\/portfolio\/wp-content\/uploads\/2016\/10\/Bildschirmfoto-2016-11-08-um-17.10.57.png?fit=1022%2C1024&amp;ssl=1\" class=\"attachment-large size-large\" alt=\"\" srcset=\"https:\/\/i0.wp.com\/www.stellamina.com\/portfolio\/wp-content\/uploads\/2016\/10\/Bildschirmfoto-2016-11-08-um-17.10.57.png?w=1152&amp;ssl=1 1152w, https:\/\/i0.wp.com\/www.stellamina.com\/portfolio\/wp-content\/uploads\/2016\/10\/Bildschirmfoto-2016-11-08-um-17.10.57.png?resize=150%2C150&amp;ssl=1 150w, https:\/\/i0.wp.com\/www.stellamina.com\/portfolio\/wp-content\/uploads\/2016\/10\/Bildschirmfoto-2016-11-08-um-17.10.57.png?resize=300%2C300&amp;ssl=1 300w, https:\/\/i0.wp.com\/www.stellamina.com\/portfolio\/wp-content\/uploads\/2016\/10\/Bildschirmfoto-2016-11-08-um-17.10.57.png?resize=768%2C769&amp;ssl=1 768w, https:\/\/i0.wp.com\/www.stellamina.com\/portfolio\/wp-content\/uploads\/2016\/10\/Bildschirmfoto-2016-11-08-um-17.10.57.png?resize=1022%2C1024&amp;ssl=1 1022w\" sizes=\"(max-width: 1022px) 100vw, 1022px\" \/><\/a>\n\t\t\t<\/dt><\/dl><dl class='gallery-item'>\n\t\t\t<dt class='gallery-icon portrait'>\n\t\t\t\t<a href='https:\/\/www.stellamina.com\/portfolio\/namaste-am-see\/bildschirmfoto-2016-11-08-um-17-11-11\/'><img loading=\"lazy\" decoding=\"async\" width=\"1020\" height=\"1024\" src=\"https:\/\/i0.wp.com\/www.stellamina.com\/portfolio\/wp-content\/uploads\/2016\/10\/Bildschirmfoto-2016-11-08-um-17.11.11.png?fit=1020%2C1024&amp;ssl=1\" class=\"attachment-large size-large\" alt=\"\" srcset=\"https:\/\/i0.wp.com\/www.stellamina.com\/portfolio\/wp-content\/uploads\/2016\/10\/Bildschirmfoto-2016-11-08-um-17.11.11.png?w=1150&amp;ssl=1 1150w, https:\/\/i0.wp.com\/www.stellamina.com\/portfolio\/wp-content\/uploads\/2016\/10\/Bildschirmfoto-2016-11-08-um-17.11.11.png?resize=150%2C150&amp;ssl=1 150w, https:\/\/i0.wp.com\/www.stellamina.com\/portfolio\/wp-content\/uploads\/2016\/10\/Bildschirmfoto-2016-11-08-um-17.11.11.png?resize=300%2C300&amp;ssl=1 300w, https:\/\/i0.wp.com\/www.stellamina.com\/portfolio\/wp-content\/uploads\/2016\/10\/Bildschirmfoto-2016-11-08-um-17.11.11.png?resize=768%2C771&amp;ssl=1 768w, https:\/\/i0.wp.com\/www.stellamina.com\/portfolio\/wp-content\/uploads\/2016\/10\/Bildschirmfoto-2016-11-08-um-17.11.11.png?resize=1020%2C1024&amp;ssl=1 1020w\" sizes=\"(max-width: 1020px) 100vw, 1020px\" \/><\/a>\n\t\t\t<\/dt><\/dl><dl class='gallery-item'>\n\t\t\t<dt class='gallery-icon landscape'>\n\t\t\t\t<a href='https:\/\/www.stellamina.com\/portfolio\/namaste-am-see\/bildschirmfoto-2016-11-08-um-17-11-25\/'><img loading=\"lazy\" decoding=\"async\" width=\"1024\" height=\"1020\" src=\"https:\/\/i0.wp.com\/www.stellamina.com\/portfolio\/wp-content\/uploads\/2016\/10\/Bildschirmfoto-2016-11-08-um-17.11.25.png?fit=1024%2C1020&amp;ssl=1\" class=\"attachment-large size-large\" alt=\"\" srcset=\"https:\/\/i0.wp.com\/www.stellamina.com\/portfolio\/wp-content\/uploads\/2016\/10\/Bildschirmfoto-2016-11-08-um-17.11.25.png?w=1150&amp;ssl=1 1150w, https:\/\/i0.wp.com\/www.stellamina.com\/portfolio\/wp-content\/uploads\/2016\/10\/Bildschirmfoto-2016-11-08-um-17.11.25.png?resize=150%2C150&amp;ssl=1 150w, https:\/\/i0.wp.com\/www.stellamina.com\/portfolio\/wp-content\/uploads\/2016\/10\/Bildschirmfoto-2016-11-08-um-17.11.25.png?resize=300%2C300&amp;ssl=1 300w, https:\/\/i0.wp.com\/www.stellamina.com\/portfolio\/wp-content\/uploads\/2016\/10\/Bildschirmfoto-2016-11-08-um-17.11.25.png?resize=768%2C765&amp;ssl=1 768w, https:\/\/i0.wp.com\/www.stellamina.com\/portfolio\/wp-content\/uploads\/2016\/10\/Bildschirmfoto-2016-11-08-um-17.11.25.png?resize=1024%2C1020&amp;ssl=1 1024w\" sizes=\"(max-width: 1024px) 100vw, 1024px\" \/><\/a>\n\t\t\t<\/dt><\/dl><br style=\"clear: both\" \/>\n\t\t<\/div>\n\n<h3>Web usage after the event.<\/h3>\n<p style=\"text-align: justify;\">Anna from <a href=\"http:\/\/poschstyle.com\">Poschstyle<\/a> used some of the pictures I created during the event to illustrate her \u00a0blogposts connected to the &#8220;Fit, Flow, Fly retreat.&#8221;<\/p>\n<p>Interview with Briony Smith -&gt; <a href=\"http:\/\/poschstyle.com\/interviews\/briohny-smyth\/\">BLOGPOST<\/a><br \/>\nInterview with\u00a0MacKenzie Miller -&gt; <a href=\"http:\/\/poschstyle.com\/interviews\/mackenzie-miller\/\">BLOGPOST<\/a><\/p>\n<p><img loading=\"lazy\" decoding=\"async\" class=\"aligncenter wp-image-441 size-full\" src=\"https:\/\/i0.wp.com\/www.stellamina.com\/portfolio\/wp-content\/uploads\/2016\/10\/Bildschirmfoto-2016-11-08-um-17.20.45.png?resize=998%2C912\" alt=\"fit, flow, fly\" width=\"998\" height=\"912\" srcset=\"https:\/\/i0.wp.com\/www.stellamina.com\/portfolio\/wp-content\/uploads\/2016\/10\/Bildschirmfoto-2016-11-08-um-17.20.45.png?w=998&amp;ssl=1 998w, https:\/\/i0.wp.com\/www.stellamina.com\/portfolio\/wp-content\/uploads\/2016\/10\/Bildschirmfoto-2016-11-08-um-17.20.45.png?resize=300%2C274&amp;ssl=1 300w, https:\/\/i0.wp.com\/www.stellamina.com\/portfolio\/wp-content\/uploads\/2016\/10\/Bildschirmfoto-2016-11-08-um-17.20.45.png?resize=768%2C702&amp;ssl=1 768w\" sizes=\"(max-width: 998px) 100vw, 998px\" data-recalc-dims=\"1\" \/><\/p>\n<h2>Impact.<\/h2>\n<p style=\"text-align: justify;\">The W\u00f6rthersee tourism board aims to promote the region as a destination for yoga and health stays in order to increase wellbeing and health during the stay. They closely work together with local hotels and yoga teachers in order to promote local assets.<\/p>\n","protected":false},"excerpt":{"rendered":"<p>&#8220;Namast\u00e9 am See&#8221; is a campaign and touristic program run by the W\u00f6rthersee tourism board in order to foster yoga retreats, classes and vacations around the lake of W\u00f6rthersee throughout the year. The main goal is to make the region more attractive to new and younger civil groups and to extend\u00a0the touristic seasons. Each year [&hellip;]<\/p>\n","protected":false},"author":1,"featured_media":126,"comment_status":"open","ping_status":"open","sticky":false,"template":"","format":"standard","meta":{"jetpack_post_was_ever_published":false,"_jetpack_newsletter_access":"","_jetpack_dont_email_post_to_subs":true,"_jetpack_newsletter_tier_id":0,"_jetpack_memberships_contains_paywalled_content":false,"_jetpack_memberships_contains_paid_content":false,"footnotes":"","jetpack_publicize_message":"","jetpack_publicize_feature_enabled":true,"jetpack_social_post_already_shared":true,"jetpack_social_options":{"image_generator_settings":{"template":"highway","enabled":false}}},"categories":[5,39,4,13],"tags":[],"jetpack_publicize_connections":[],"yoast_head":"<!-- This site is optimized with the Yoast SEO plugin v20.5 - https:\/\/yoast.com\/wordpress\/plugins\/seo\/ -->\n<title>&quot;Namast\u00e9 am See&quot;. Social Media Event support.- STELLAMINA<\/title>\n<meta name=\"robots\" content=\"index, follow, max-snippet:-1, max-image-preview:large, max-video-preview:-1\" \/>\n<link rel=\"canonical\" href=\"https:\/\/www.stellamina.com\/portfolio\/namaste-am-see\/\" \/>\n<meta property=\"og:locale\" content=\"en_US\" \/>\n<meta property=\"og:type\" content=\"article\" \/>\n<meta property=\"og:title\" content=\"&quot;Namast\u00e9 am See&quot;. Social Media Event support.- STELLAMINA\" \/>\n<meta property=\"og:description\" content=\"&#8220;Namast\u00e9 am See&#8221; is a campaign and touristic program run by the W\u00f6rthersee tourism board in order to foster yoga retreats, classes and vacations around the lake of W\u00f6rthersee throughout the year. The main goal is to make the region more attractive to new and younger civil groups and to extend\u00a0the touristic seasons. Each year [&hellip;]\" \/>\n<meta property=\"og:url\" content=\"https:\/\/www.stellamina.com\/portfolio\/namaste-am-see\/\" \/>\n<meta property=\"og:site_name\" content=\"STELLAMINA\" \/>\n<meta property=\"article:published_time\" content=\"2016-10-15T17:54:55+00:00\" \/>\n<meta property=\"article:modified_time\" content=\"2016-11-08T16:43:28+00:00\" \/>\n<meta property=\"og:image\" content=\"https:\/\/i0.wp.com\/www.stellamina.com\/portfolio\/wp-content\/uploads\/2016\/10\/Bildschirmfoto-2016-10-15-um-19.52.46.png?fit=1198%2C1192&ssl=1\" \/>\n\t<meta property=\"og:image:width\" content=\"1198\" \/>\n\t<meta property=\"og:image:height\" content=\"1192\" \/>\n\t<meta property=\"og:image:type\" content=\"image\/png\" \/>\n<meta name=\"author\" content=\"Amina Stella Steiner\" \/>\n<meta name=\"twitter:card\" content=\"summary_large_image\" \/>\n<meta name=\"twitter:label1\" content=\"Written by\" \/>\n\t<meta name=\"twitter:data1\" content=\"Amina Stella Steiner\" \/>\n\t<meta name=\"twitter:label2\" content=\"Est. reading time\" \/>\n\t<meta name=\"twitter:data2\" content=\"2 minutes\" \/>\n<script type=\"application\/ld+json\" class=\"yoast-schema-graph\">{\"@context\":\"https:\/\/schema.org\",\"@graph\":[{\"@type\":\"WebPage\",\"@id\":\"https:\/\/www.stellamina.com\/portfolio\/namaste-am-see\/\",\"url\":\"https:\/\/www.stellamina.com\/portfolio\/namaste-am-see\/\",\"name\":\"\\\"Namast\u00e9 am See\\\". Social Media Event support.- STELLAMINA\",\"isPartOf\":{\"@id\":\"http:\/\/www.stellamina.com\/portfolio\/#website\"},\"datePublished\":\"2016-10-15T17:54:55+00:00\",\"dateModified\":\"2016-11-08T16:43:28+00:00\",\"author\":{\"@id\":\"http:\/\/www.stellamina.com\/portfolio\/#\/schema\/person\/e416891c727c671692f6c2c884658304\"},\"breadcrumb\":{\"@id\":\"https:\/\/www.stellamina.com\/portfolio\/namaste-am-see\/#breadcrumb\"},\"inLanguage\":\"en-US\",\"potentialAction\":[{\"@type\":\"ReadAction\",\"target\":[\"https:\/\/www.stellamina.com\/portfolio\/namaste-am-see\/\"]}]},{\"@type\":\"BreadcrumbList\",\"@id\":\"https:\/\/www.stellamina.com\/portfolio\/namaste-am-see\/#breadcrumb\",\"itemListElement\":[{\"@type\":\"ListItem\",\"position\":1,\"name\":\"Home\",\"item\":\"https:\/\/www.stellamina.com\/portfolio\/\"},{\"@type\":\"ListItem\",\"position\":2,\"name\":\"&#8220;Namast\u00e9 am See&#8221;. Fit, Flow, Fly Retreat. Social Media Event support.\"}]},{\"@type\":\"WebSite\",\"@id\":\"http:\/\/www.stellamina.com\/portfolio\/#website\",\"url\":\"http:\/\/www.stellamina.com\/portfolio\/\",\"name\":\"STELLAMINA\",\"description\":\"visual storytelling for a better world\",\"potentialAction\":[{\"@type\":\"SearchAction\",\"target\":{\"@type\":\"EntryPoint\",\"urlTemplate\":\"http:\/\/www.stellamina.com\/portfolio\/?s={search_term_string}\"},\"query-input\":\"required name=search_term_string\"}],\"inLanguage\":\"en-US\"},{\"@type\":\"Person\",\"@id\":\"http:\/\/www.stellamina.com\/portfolio\/#\/schema\/person\/e416891c727c671692f6c2c884658304\",\"name\":\"Amina Stella Steiner\",\"image\":{\"@type\":\"ImageObject\",\"inLanguage\":\"en-US\",\"@id\":\"http:\/\/www.stellamina.com\/portfolio\/#\/schema\/person\/image\/\",\"url\":\"https:\/\/secure.gravatar.com\/avatar\/92319eb31fc9079e66a5daca325443e3?s=96&d=retro&r=g\",\"contentUrl\":\"https:\/\/secure.gravatar.com\/avatar\/92319eb31fc9079e66a5daca325443e3?s=96&d=retro&r=g\",\"caption\":\"Amina Stella Steiner\"},\"url\":\"https:\/\/www.stellamina.com\/portfolio\/author\/amina-stella-steiner\/\"}]}<\/script>\n<!-- \/ Yoast SEO plugin. -->","yoast_head_json":{"title":"\"Namast\u00e9 am See\". Social Media Event support.- STELLAMINA","robots":{"index":"index","follow":"follow","max-snippet":"max-snippet:-1","max-image-preview":"max-image-preview:large","max-video-preview":"max-video-preview:-1"},"canonical":"https:\/\/www.stellamina.com\/portfolio\/namaste-am-see\/","og_locale":"en_US","og_type":"article","og_title":"\"Namast\u00e9 am See\". Social Media Event support.- STELLAMINA","og_description":"&#8220;Namast\u00e9 am See&#8221; is a campaign and touristic program run by the W\u00f6rthersee tourism board in order to foster yoga retreats, classes and vacations around the lake of W\u00f6rthersee throughout the year. The main goal is to make the region more attractive to new and younger civil groups and to extend\u00a0the touristic seasons. Each year [&hellip;]","og_url":"https:\/\/www.stellamina.com\/portfolio\/namaste-am-see\/","og_site_name":"STELLAMINA","article_published_time":"2016-10-15T17:54:55+00:00","article_modified_time":"2016-11-08T16:43:28+00:00","og_image":[{"width":1198,"height":1192,"url":"https:\/\/i0.wp.com\/www.stellamina.com\/portfolio\/wp-content\/uploads\/2016\/10\/Bildschirmfoto-2016-10-15-um-19.52.46.png?fit=1198%2C1192&ssl=1","type":"image\/png"}],"author":"Amina Stella Steiner","twitter_card":"summary_large_image","twitter_misc":{"Written by":"Amina Stella Steiner","Est. reading time":"2 minutes"},"schema":{"@context":"https:\/\/schema.org","@graph":[{"@type":"WebPage","@id":"https:\/\/www.stellamina.com\/portfolio\/namaste-am-see\/","url":"https:\/\/www.stellamina.com\/portfolio\/namaste-am-see\/","name":"\"Namast\u00e9 am See\". Social Media Event support.- STELLAMINA","isPartOf":{"@id":"http:\/\/www.stellamina.com\/portfolio\/#website"},"datePublished":"2016-10-15T17:54:55+00:00","dateModified":"2016-11-08T16:43:28+00:00","author":{"@id":"http:\/\/www.stellamina.com\/portfolio\/#\/schema\/person\/e416891c727c671692f6c2c884658304"},"breadcrumb":{"@id":"https:\/\/www.stellamina.com\/portfolio\/namaste-am-see\/#breadcrumb"},"inLanguage":"en-US","potentialAction":[{"@type":"ReadAction","target":["https:\/\/www.stellamina.com\/portfolio\/namaste-am-see\/"]}]},{"@type":"BreadcrumbList","@id":"https:\/\/www.stellamina.com\/portfolio\/namaste-am-see\/#breadcrumb","itemListElement":[{"@type":"ListItem","position":1,"name":"Home","item":"https:\/\/www.stellamina.com\/portfolio\/"},{"@type":"ListItem","position":2,"name":"&#8220;Namast\u00e9 am See&#8221;. Fit, Flow, Fly Retreat. Social Media Event support."}]},{"@type":"WebSite","@id":"http:\/\/www.stellamina.com\/portfolio\/#website","url":"http:\/\/www.stellamina.com\/portfolio\/","name":"STELLAMINA","description":"visual storytelling for a better world","potentialAction":[{"@type":"SearchAction","target":{"@type":"EntryPoint","urlTemplate":"http:\/\/www.stellamina.com\/portfolio\/?s={search_term_string}"},"query-input":"required name=search_term_string"}],"inLanguage":"en-US"},{"@type":"Person","@id":"http:\/\/www.stellamina.com\/portfolio\/#\/schema\/person\/e416891c727c671692f6c2c884658304","name":"Amina Stella Steiner","image":{"@type":"ImageObject","inLanguage":"en-US","@id":"http:\/\/www.stellamina.com\/portfolio\/#\/schema\/person\/image\/","url":"https:\/\/secure.gravatar.com\/avatar\/92319eb31fc9079e66a5daca325443e3?s=96&d=retro&r=g","contentUrl":"https:\/\/secure.gravatar.com\/avatar\/92319eb31fc9079e66a5daca325443e3?s=96&d=retro&r=g","caption":"Amina Stella Steiner"},"url":"https:\/\/www.stellamina.com\/portfolio\/author\/amina-stella-steiner\/"}]}},"jetpack_featured_media_url":"https:\/\/i0.wp.com\/www.stellamina.com\/portfolio\/wp-content\/uploads\/2016\/10\/Bildschirmfoto-2016-10-15-um-19.52.46.png?fit=1198%2C1192&ssl=1","jetpack_sharing_enabled":true,"jetpack_shortlink":"https:\/\/wp.me\/p80DMU-20","amp_enabled":true,"_links":{"self":[{"href":"https:\/\/www.stellamina.com\/portfolio\/wp-json\/wp\/v2\/posts\/124"}],"collection":[{"href":"https:\/\/www.stellamina.com\/portfolio\/wp-json\/wp\/v2\/posts"}],"about":[{"href":"https:\/\/www.stellamina.com\/portfolio\/wp-json\/wp\/v2\/types\/post"}],"author":[{"embeddable":true,"href":"https:\/\/www.stellamina.com\/portfolio\/wp-json\/wp\/v2\/users\/1"}],"replies":[{"embeddable":true,"href":"https:\/\/www.stellamina.com\/portfolio\/wp-json\/wp\/v2\/comments?post=124"}],"version-history":[{"count":5,"href":"https:\/\/www.stellamina.com\/portfolio\/wp-json\/wp\/v2\/posts\/124\/revisions"}],"predecessor-version":[{"id":443,"href":"https:\/\/www.stellamina.com\/portfolio\/wp-json\/wp\/v2\/posts\/124\/revisions\/443"}],"wp:featuredmedia":[{"embeddable":true,"href":"https:\/\/www.stellamina.com\/portfolio\/wp-json\/wp\/v2\/media\/126"}],"wp:attachment":[{"href":"https:\/\/www.stellamina.com\/portfolio\/wp-json\/wp\/v2\/media?parent=124"}],"wp:term":[{"taxonomy":"category","embeddable":true,"href":"https:\/\/www.stellamina.com\/portfolio\/wp-json\/wp\/v2\/categories?post=124"},{"taxonomy":"post_tag","embeddable":true,"href":"https:\/\/www.stellamina.com\/portfolio\/wp-json\/wp\/v2\/tags?post=124"}],"curies":[{"name":"wp","href":"https:\/\/api.w.org\/{rel}","templated":true}]}}