{"id":5817,"date":"2016-01-02T14:49:58","date_gmt":"2016-01-02T13:49:58","guid":{"rendered":"http:\/\/www.grasgruen-himmelblau.com\/?p=5817"},"modified":"2016-01-02T14:49:58","modified_gmt":"2016-01-02T13:49:58","slug":"vorsaetze","status":"publish","type":"post","link":"https:\/\/www.stellamina.com\/portfolio\/vorsaetze\/","title":{"rendered":"#bessereVors\u00e4tze2016"},"content":{"rendered":"<p style=\"text-align: justify;\">Nachdenklich schaue ich aus dem Fenster. In die Vergangenheit? In die Zukunft? Ich wei\u00df es selbst nicht mehr. \u00a0Was z\u00e4hlt ist der Moment! Wir haben selbst in der Hand, jeden Moment so zu gestalten wie wir es wollen, ihn bewusst zu leben, ihn wahrzunehmen und positive Handlungen zu setzen. Dieses Jahr werden wir es tun !<\/p>\n<p><img loading=\"lazy\" decoding=\"async\" class=\"alignnone size-large wp-image-8035\" src=\"https:\/\/i0.wp.com\/www.stellamina.com\/wp-content\/uploads\/2016\/01\/0X4A0728-1024x771.jpg?resize=1024%2C771\" alt=\"besserere Vors\u00e4tze\" width=\"1024\" height=\"771\" data-recalc-dims=\"1\" \/><\/p>\n<p style=\"text-align: justify;\">Eine Nacht, wie jede andere, und doch eine Nacht, die jedes Jahr wieder, unsere Prinzipen, Vors\u00e4tze und Einstellungen auf den den Kopf stellt. SILVESTER.<\/p>\n<p style=\"text-align: justify;\">Wie hast du Silvester verbracht? Eine Feier mit Freunden? Bei der Familie ? Gem\u00fctlich daheim oder doch unterwegs? Ich bin sicher du hattest viel Spa\u00df, hast gelacht, dich all der sch\u00f6nen Momente des vergangenen Jahres erinnert und den einen oder anderen Moment revue-passieren lassen.<\/p>\n<p style=\"text-align: justify;\">Doch ich bin auch sicher, dass du dir ab und an gedacht hast &#8220;<em>Ab jetzt, ab morgen, mache ich es anders!<\/em>&#8220;. Besseres Essen, weniger Stress, mehr Sport, weniger Dies, mehr Das &#8211; eine neue Balance zwischen <em>weniger<\/em> und <em>mehr<\/em> &#8211; endlich die <em>richtige Balance<\/em> finden.<\/p>\n<p><img loading=\"lazy\" decoding=\"async\" class=\"alignnone size-large wp-image-8033\" src=\"https:\/\/i0.wp.com\/www.stellamina.com\/wp-content\/uploads\/2016\/01\/0X4A0626-1024x1024.jpg?resize=1024%2C1024\" alt=\"besserere Vors\u00e4tze\" width=\"1024\" height=\"1024\" data-recalc-dims=\"1\" \/><\/p>\n<p style=\"text-align: justify;\">Es ist eine alte Tradition, sich f\u00fcr das neue Jahr Vors\u00e4tze zu nehmen, die einem zu einem &#8220;besseren&#8221; Leben verhelfen sollen. Diese Vors\u00e4tze sind m\u00f6gliche Optimierungen unseres Alltags, unseres Lebens &#8211; doch ist es heute nicht an der Zeit, nicht nur bessere Vors\u00e4tze f\u00fcr sich, sondern f\u00fcr die Natur und die (Um)Welt zu setzen ?<\/p>\n<p style=\"text-align: justify;\">Als ich zuf\u00e4llig auf den Aufruf vom\u00a0<a href=\"https:\/\/blog.wwf.de\/bessere-vorsaetze\/\">WWF <\/a>zur <a href=\"https:\/\/blog.wwf.de\/bessere-vorsaetze\/\">Blogparade<\/a> <a href=\"https:\/\/blog.wwf.de\/bessere-vorsaetze\/\">#bessereVors\u00e4tze<\/a> gesto\u00dfen bin, war ich sofort begeistert, denn auch ich sehe in den <em>kleinen Ver\u00e4nderungen<\/em> die <em>jeder von uns<\/em> machen kann, die <em>eine gro\u00dfe Ver\u00e4nderung<\/em> der es bedarf, um den Herausforderungen der heutigen Zeit gewachsen zu sein. Schnelligkeit, Klimawandel, Verschmutzung, M\u00fcll, &#8230;..<\/p>\n<p style=\"text-align: justify;\">Der Aufruf stellt die Frage: <em>\u201eWie schaffen wir Ver\u00e4nderung? Brauchen wir bessere Vors\u00e4tze?\u201c<\/em> die ich mit einem klaren <em>JA<\/em> beantworte, doch es sollen Vors\u00e4tze sein, die\u00a0realistisch sind, im Alltag gut\u00a0umsetzbar sind und keinen Zwang\u00a0sondern etwas Positives bedeuten. Mit &#8220;Vors\u00e4tzen&#8221; dieser Art k\u00f6nnen wir nicht nur unseren Alltag sondern auch die Welt St\u00fcck f\u00fcr St\u00fcck umgestalten und langfristige Ver\u00e4nderung bewirken. Es sind die kleinen Schritte, die uns in Summe einen \u00a0langen Weg gehen lassen. Den Weg in die richtige Richtung.<\/p>\n<p style=\"text-align: justify;\"><img loading=\"lazy\" decoding=\"async\" class=\"aligncenter size-full wp-image-5848\" src=\"https:\/\/i0.wp.com\/www.grasgruen-himmelblau.com\/wp-content\/uploads\/2016\/01\/0X4A0680.jpg?resize=1200%2C800\" alt=\"#bessereVors\u00e4tze\" width=\"1200\" height=\"800\" data-recalc-dims=\"1\" \/><\/p>\n<h3 style=\"text-align: justify;\">Vors\u00e4tze und ich<\/h3>\n<p style=\"text-align: justify;\">Ich bin Meisterin der Vors\u00e4tze und brauche eigentlich\u00a0kein Silvester um mich selbst immer wieder vor neue Herausforderungen und Experimente zu stellen, um mir neue Ziele und Vorhaben zu setzen und mich auf Trab zu halten.<\/p>\n<p style=\"text-align: justify;\">So sehr ich Altbew\u00e4hrtes liebe, ist mir die Bewegung aber noch ein bisschen lieber, und die Optimierung das Allerliebste. Sobald ich eine M\u00f6glichkeit sehe, etwas anders oder gar besser zu machen, nehme ich sie wahr. Manchmal geht es gut, machmal nicht, aber zumindest habe ich es dann probiert !<\/p>\n<p style=\"text-align: justify;\">In meinem Tatendrang neige ich leider dazu, mir zu viel vorzunehmen, gleichzeitig alles anpacken zu wollen, gut machen zu wollen, wenn schon nicht perfekt.<\/p>\n<p style=\"text-align: justify;\">Erst langsam merke ich, dass es nicht m\u00f6glich ist, alles zu machen &#8211; und schon gar nicht, alles sehr gut zu machen, aber ich merke auch, dass es v\u00f6llig in Ordnung ist zu scheitern, etwas nicht zu schaffen, daf\u00fcr aber daraus zu lernen und daran zu wachsen.<\/p>\n<p style=\"text-align: justify;\">Ich m\u00f6chte dieses Jahr bewusst weniger, aber konzentrierter in Angriff nehmen und dies auch wirklich umsetzten. Dabei hilft ein kleiner aber magischer Trick !<\/p>\n<h2 style=\"text-align: justify;\">Mache aus deinem Vorsatz ein Ziel!<\/h2>\n<p><img loading=\"lazy\" decoding=\"async\" class=\"alignnone size-large wp-image-8034\" src=\"https:\/\/i0.wp.com\/www.stellamina.com\/wp-content\/uploads\/2016\/01\/0X4A0662-1024x683.jpg?resize=1024%2C683\" alt=\"besserere Vors\u00e4tze\" width=\"1024\" height=\"683\" data-recalc-dims=\"1\" \/><\/p>\n<p style=\"text-align: justify;\"><strong>Werde konkret<\/strong>!<\/p>\n<p style=\"text-align: justify;\">Ein Vorsatz gleicht etwas Unverbindlichem, einem Wunsch, einer Vorstellung, jedoch ist er nicht greifbar. Der Vorsatz &#8220;<em>weniger Fleisch zu Essen.<\/em>&#8221; ist l\u00f6blich, doch was bedeutet er? M\u00f6chtest du nur noch 2 mal pro Woche Fleisch essen, nur an den Wochenenden, nur bestimmtes Fleisch? Er ist nicht konkret! Darum gilt es, jedem Vorsatz etwas <em>Handfestes <\/em>zu verleihen, ihn greifbar zu machen, in dem du ihn in ein <strong>Ziel<\/strong> umformulierst. (&#8220;Ich esse nur noch Samstags und Sonntags Fleisch!&#8221;.)<\/p>\n<p style=\"text-align: justify;\"><strong>Setze\u00a0dir einen Zeitrahmen!\u00a0<\/strong><\/p>\n<p style=\"text-align: justify;\">Ein Vorsatz bzw. Ziel ist sch\u00f6n und gut, doch wenn du dir keinen Zeitpunkt f\u00fcr die Umsetzung oder das Erreichen setzt, wirst du wenig Motivation versp\u00fcren, aktiv zu werden und dein Vorhaben umzusetzen.<\/p>\n<p style=\"text-align: justify;\">Wenn du dir ein sehr hohes Ziel gesetzt hast, kannst du ihm ja in kleinen Schritten n\u00e4her kommen. M\u00f6chtest du zum Beispiel ganz auf Fleisch verzichten, oder gar auf alle tierischen Produkte, kannst du zuerst tageweise den Konsum reduzieren, und dann immer weniger und weniger davon konsumieren. Setzte dir zum Beispiel 4 Wochen Schritte fest und taste dich so an die Materie heran.<\/p>\n<p style=\"text-align: justify;\"><strong>Habe eine Strategie !\u00a0<\/strong><\/p>\n<p style=\"text-align: justify;\">Ich bleibe der Einfachheit halber bei meinem &#8220;Fleisch&#8221; Beispiel. Von heute auf Morgen eine 360\u00b0 Wendung hinzulegen\u00a0kann funktionieren, muss es aber nicht. Wer uninformiert solch eine Entscheidung trifft, ist eventuell schnell \u00fcberfordert und die Wahrscheinlichkeit, dass der Versuch nicht durchgehalten wird ist gro\u00df. Wenn du dich aber im Vorfeld informierst, Alternativen zu Fleisch suchst, feine Rezepte und Lokale auf eine Liste schreibst, die du ausprobieren kannst und so eine Freude am Entdecken entwickelst, wird du sicher auch dabei bleiben ! (:<br \/>\nDieses Prinzip ist auf alle Themenbereiche anwendbar !<\/p>\n<p style=\"text-align: justify;\"><strong>#bessereVors\u00e4tze<\/strong> sind wichtig und k\u00f6nnen uns helfen, eine &#8220;besseres&#8221; Leben zu f\u00fchren, uns wohl zu f\u00fchlen, etwas Gutes zu tun &#8230;. doch sie m\u00fcssen auch umgesetzt werden. Ohne Zwang, sondern mit Freude. Nimm jemanden an der Hand, und nehmt euch ein gemeinsames Ziel. <strong>Zu Zweit<\/strong> werdet ihr es sicher schaffen.<\/p>\n<p style=\"text-align: justify;\"><img loading=\"lazy\" decoding=\"async\" class=\"alignnone size-full wp-image-8036\" src=\"https:\/\/i0.wp.com\/www.stellamina.com\/wp-content\/uploads\/2016\/01\/zuZweit-1-von-1.jpg?resize=800%2C800\" alt=\"besserere Vors\u00e4tze\" width=\"800\" height=\"800\" data-recalc-dims=\"1\" \/><\/p>\n<p style=\"text-align: justify;\">Ich habe euch hier\u00a0meine <b>&#8220;besseren&#8221;<\/b>\u00a0und <strong>pers\u00f6nlichen<\/strong> Vors\u00e4tze f\u00fcr das Jahr 2016 aufgelistet und mit ein paar kleinen Anmerkungen versehen.<\/p>\n<h2>#bessereVors\u00e4tze2016<\/h2>\n<p style=\"text-align: justify;\"><strong>1. Mehr Leitungswasser<\/strong> (aus nachhaltigen Flaschen) trinken<br \/>\nZwar hatte ich schon im vergangenen Jahr fast immer eine Trinkflasche dabei, aber manchmal bin auch ich ein Vergissmeinnicht und musste auf Plastikflaschen zur\u00fcckgreifen. Das soll dieses Jahr nicht mehr passieren. Lege dir eine BPAfreie Flasche wie z.b. von\u00a0<a href=\"http:\/\/myequa.com\">MyEqua<\/a>\u00a0zu, oder setzt ein Zeichen mit einer <a href=\"https:\/\/www.soulbottles.de\">SoulBottle <\/a>aus Glas.<\/p>\n<p style=\"text-align: justify;\"><strong>2. Noch saisonaler Einkaufen<\/strong><em><br \/>\n<\/em>Ich kaufe beinahe\u00a0ausschlie\u00dflich Bio und Regional doch auch auf meinem Teller landen immer wieder Bananen, Mangos und Co. Ich m\u00f6chte mich dieses Jahr noch mehr auf die heimische Produktvielfalt einlassen und sie kennenlernen.<\/p>\n<p style=\"text-align: justify;\"><strong>3. Weniger\u00a0Plastik<\/strong><br \/>\nVon Plastiksackerln beim Einkaufen habe ich mich schon lange verabschiedet, aber auch in anderen Lebensbereichen werde ich bewusster auf das Vermeiden von\u00a0Plastik achten &#8211; es sei den es ist recyceltes . wie z.b. die Mode von <a href=\"http:\/\/nicetomeetme.at\">Nicetomeetme.<\/a> (:<\/p>\n<p style=\"text-align: justify;\"><strong>4. Strom sparen<\/strong><em><br \/>\n<\/em>Das Gef\u00fchl sofort und schnell online sein zu m\u00fcssen, hat in den vergangenen Jahren in einem DauerStandBy-Modus meiner Ger\u00e4te\u00a0resultiert. Damit ist nun\u00a0Schluss.\u00a0Bewusst abschalten ist die Devise. Die Ger\u00e4te und meinen Kopf.<\/p>\n<p style=\"text-align: justify;\"><strong>5. Weniger Lebensmittel wegwerfen<\/strong><br \/>\nDas ist zwar kein Problem mit dem ich k\u00e4mpfe, ich werfe quasi nie etwas weg, da ich das Ph\u00e4nomen Lebensmittelverschwendung in meinem Umfeld oft wahrnehme, habe ich mich eingehend damit besch\u00e4ftigt und einen Guide f\u00fcr weniger Lebensmittelm\u00fcll verfasst. <a href=\"http:\/\/www.grasgruen-himmelblau.com\/2015\/09\/06\/feebook-6-tipps-fuer-weniger-lebensmittelabfall\/\" target=\"_blank\">Hier<\/a> bereit zum <a href=\"http:\/\/www.grasgruen-himmelblau.com\/2015\/09\/06\/feebook-6-tipps-fuer-weniger-lebensmittelabfall\/\" target=\"_blank\">Download<\/a>!<\/p>\n<p style=\"text-align: justify;\"><strong>6. Fair Trade Kaffee trinken &amp; Fair TradeSchokolade Essen (;<br \/>\n<\/strong>Ein Kaffee unterwegs f\u00fcr 4\u20ac bereitet niemanden Kopf zerbrechen, eine Packung im Laden f\u00fcr 5 \u20ac schon, und das obwohl sie etliche Portionen enth\u00e4lt. Der Kaffee- und Schokoladen-Bohnen Anbau geh\u00f6rt zu den ausbeuterischsten Industrien \u00fcberhaupt. Ich m\u00f6chte fairen Handel unterst\u00fctzen.<\/p>\n<p style=\"text-align: justify;\"><strong>7. Kleider machen Leute<\/strong><br \/>\nSeit einigen Monaten kaufe ich bewusst keine Mode mehr, von der ich nicht genau wei\u00df, wie und wo &#8211; und aus welchen Materialien sie hergestellt wird. In diesem Jahr m\u00f6chte ich mich intensiv mit dem Thema auseinandersetzen und Alternativen finden. Vegan und Fair.<\/p>\n<h2><img loading=\"lazy\" decoding=\"async\" class=\"alignnone size-full wp-image-8039\" src=\"https:\/\/i0.wp.com\/www.stellamina.com\/wp-content\/uploads\/2016\/01\/bessereVors\u00e4tze-1-von-1.jpg?resize=799%2C571\" alt=\"besserere Vors\u00e4tze\" width=\"799\" height=\"571\" data-recalc-dims=\"1\" \/><\/h2>\n<h2>#meineVors\u00e4tze2016<\/h2>\n<p style=\"text-align: justify;\"><strong>1. 23h Technik aus!<\/strong><br \/>\nBewusst abschalten, das gilt nicht nur f\u00fcr den Strom sondern auch f\u00fcr den kOpf und soll fortan mit 23h passieren. (Ausnahmen ab und an erlaubt \ud83d\ude1b )<\/p>\n<p style=\"text-align: justify;\"><strong>2. 15 min Klavier am Tag<\/strong><br \/>\nIm November habe ich begonnen wieder ein bisschen am Klavier zu klimpern und versuche nun Erinnerungen und K\u00f6nnen aus Kindheitstagen wieder hervorzukramen. Bereitet Freude ! (:<\/p>\n<p style=\"text-align: justify;\"><strong>3. Mehr Planung &#8211; aber offen f\u00fcr Ver\u00e4nderungen<br \/>\n<\/strong>In den vergangenen Monaten glich kaum ein Tag dem\u00a0vorherigen. Das war nach dem strikten\u00a0Studium eine spannende Abwechslung, doch ich sp\u00fcre mein Bed\u00fcrfnis nach einem\u00a0Rhythmus. Den muss ich mir nun eben selber schaffen.<\/p>\n<p style=\"text-align: justify;\"><strong>4. Keine Ern\u00e4hrungs-Ausnahmen mehr<br \/>\n<\/strong>Seit 2\u00a0Jahren besch\u00e4ftige ich mich intensiv mit der veganen Lebensweise, habe das Thema aber langsam und schleichend in meinen Alltag\u00a0integriert und immer wider Ausnahmen gemacht. Damit ist nun\u00a0Schluss. (;<\/p>\n<p style=\"text-align: justify;\"><strong>5. Mehr Ruhe und Gelassenheit &#8211;\u00a0Den Moment genie\u00dfen<br \/>\n<\/strong>Ich bin eine\u00a0Meisterin im &#8220;mich selbst stressen&#8221;.<br \/>\nDie Unsicherheit der letzten Zeit (bez\u00fcglich Job, Studium, etc, &#8230;) hat mich gedanklich nie zur Ruhe kommen lassen &#8211; immer habe ich \u00fcberlegt, welcher Schritt als n\u00e4chstes getan werden muss, und dabei hin und wieder vergessen, das der wichtigste Schritt w\u00e4re, das IST wahrzunehmen und zu sp\u00fcren, was sich\u00a0daraus ergeben kann.<\/p>\n<p style=\"text-align: justify;\"><strong>6. Geschirr sofort absp\u00fclen<\/strong><br \/>\nMeine Wohnung hat die unangenehme Eigenschaft keinen Geschirrsp\u00fcler und ein eher unpraktisches Waschbecken zu haben. Das hat oft in Geschirrbergen bis in die Badewanne reichend geendet. Dieses Jahr wird sofort nach dem Essen abgewaschen. Spart Zeit, Wasser und Nerven.<\/p>\n<p style=\"text-align: justify;\"><strong>7. Kein Zwischen-Naschen<br \/>\n<\/strong>Ich denke ich habe bereits\u00a0erw\u00e4hnt, dass ich Essen liebe, allerdings liebe ich es so sehr, dass ich andauernd esse, was weder meinem\u00a0Rhythmus, noch meinem K\u00f6rper noch meiner Kalorienbilanz gut.<\/p>\n<h4>Geheimrezept zum verwirklichen deiner Vors\u00e4tze und erreichen deiner Ziele:<\/h4>\n<ol>\n<li>Werde konkret !<\/li>\n<li>Fixiere dein pers\u00f6nliches Datum, oder einen Zeitraum !<\/li>\n<li>Erstelle eine Strategie ! Informiere dich!<\/li>\n<li>Nimm jemanden an der Hand<\/li>\n<li>Habe Spa\u00df !<\/li>\n<\/ol>\n<p><img loading=\"lazy\" decoding=\"async\" class=\"alignnone size-full wp-image-8037\" src=\"https:\/\/i0.wp.com\/www.stellamina.com\/wp-content\/uploads\/2016\/01\/IMG_0190.jpg?resize=1000%2C500\" alt=\"besserere Vors\u00e4tze\" width=\"1000\" height=\"500\" data-recalc-dims=\"1\" \/><\/p>\n<h6 style=\"text-align: center;\">***Pictures taken by my friend and great photographer <a href=\"https:\/\/www.instagram.com\/anasbarros\/\" target=\"_blank\">Ana Sampaio Barros<\/a>!***<\/h6>\n","protected":false},"excerpt":{"rendered":"<p>Wir haben es in der Hand, jeden Moment bewusst zu leben und positive Handlungen zu setzen. Dieses Jahr werden wir es tun!<\/p>\n","protected":false},"author":1,"featured_media":8042,"comment_status":"open","ping_status":"open","sticky":false,"template":"","format":"standard","meta":{"jetpack_post_was_ever_published":false,"_jetpack_newsletter_access":"","_jetpack_dont_email_post_to_subs":false,"_jetpack_newsletter_tier_id":0,"_jetpack_memberships_contains_paywalled_content":false,"_jetpack_memberships_contains_paid_content":false,"footnotes":"","jetpack_publicize_message":"","jetpack_publicize_feature_enabled":true,"jetpack_social_post_already_shared":true,"jetpack_social_options":{"image_generator_settings":{"template":"highway","enabled":false}}},"categories":[1,247,248],"tags":[529,530,531,499,89,250,532,533,289,534,535,536,537],"jetpack_publicize_connections":[],"yoast_head":"<!-- This site is optimized with the Yoast SEO plugin v20.5 - https:\/\/yoast.com\/wordpress\/plugins\/seo\/ -->\n<title>#besserevors\u00e4tze2016 - Vom Vorsatz zum Ziel !<\/title>\n<meta name=\"description\" content=\"Wir haben es in der Hand, jeden Moment bewusst zu leben und positive Handlungen zu setzen. Dieses Jahr werden wir es tun!\" \/>\n<meta name=\"robots\" content=\"index, follow, max-snippet:-1, max-image-preview:large, max-video-preview:-1\" \/>\n<link rel=\"canonical\" href=\"https:\/\/www.stellamina.com\/portfolio\/vorsaetze\/\" \/>\n<meta property=\"og:locale\" content=\"en_US\" \/>\n<meta property=\"og:type\" content=\"article\" \/>\n<meta property=\"og:title\" content=\"#besserevors\u00e4tze2016 - Vom Vorsatz zum Ziel !\" \/>\n<meta property=\"og:description\" content=\"Wir haben es in der Hand, jeden Moment bewusst zu leben und positive Handlungen zu setzen. Dieses Jahr werden wir es tun!\" \/>\n<meta property=\"og:url\" content=\"https:\/\/www.stellamina.com\/portfolio\/vorsaetze\/\" \/>\n<meta property=\"og:site_name\" content=\"STELLAMINA\" \/>\n<meta property=\"article:published_time\" content=\"2016-01-02T13:49:58+00:00\" \/>\n<meta name=\"author\" content=\"Amina Stella Steiner\" \/>\n<meta name=\"twitter:card\" content=\"summary_large_image\" \/>\n<meta name=\"twitter:label1\" content=\"Written by\" \/>\n\t<meta name=\"twitter:data1\" content=\"Amina Stella Steiner\" \/>\n\t<meta name=\"twitter:label2\" content=\"Est. reading time\" \/>\n\t<meta name=\"twitter:data2\" content=\"8 minutes\" \/>\n<script type=\"application\/ld+json\" class=\"yoast-schema-graph\">{\"@context\":\"https:\/\/schema.org\",\"@graph\":[{\"@type\":\"WebPage\",\"@id\":\"https:\/\/www.stellamina.com\/portfolio\/vorsaetze\/\",\"url\":\"https:\/\/www.stellamina.com\/portfolio\/vorsaetze\/\",\"name\":\"#besserevors\u00e4tze2016 - Vom Vorsatz zum Ziel !\",\"isPartOf\":{\"@id\":\"http:\/\/www.stellamina.com\/portfolio\/#website\"},\"datePublished\":\"2016-01-02T13:49:58+00:00\",\"dateModified\":\"2016-01-02T13:49:58+00:00\",\"author\":{\"@id\":\"http:\/\/www.stellamina.com\/portfolio\/#\/schema\/person\/e416891c727c671692f6c2c884658304\"},\"description\":\"Wir haben es in der Hand, jeden Moment bewusst zu leben und positive Handlungen zu setzen. Dieses Jahr werden wir es tun!\",\"breadcrumb\":{\"@id\":\"https:\/\/www.stellamina.com\/portfolio\/vorsaetze\/#breadcrumb\"},\"inLanguage\":\"en-US\",\"potentialAction\":[{\"@type\":\"ReadAction\",\"target\":[\"https:\/\/www.stellamina.com\/portfolio\/vorsaetze\/\"]}]},{\"@type\":\"BreadcrumbList\",\"@id\":\"https:\/\/www.stellamina.com\/portfolio\/vorsaetze\/#breadcrumb\",\"itemListElement\":[{\"@type\":\"ListItem\",\"position\":1,\"name\":\"Home\",\"item\":\"https:\/\/www.stellamina.com\/portfolio\/\"},{\"@type\":\"ListItem\",\"position\":2,\"name\":\"#bessereVors\u00e4tze2016\"}]},{\"@type\":\"WebSite\",\"@id\":\"http:\/\/www.stellamina.com\/portfolio\/#website\",\"url\":\"http:\/\/www.stellamina.com\/portfolio\/\",\"name\":\"STELLAMINA\",\"description\":\"visual storytelling for a better world\",\"potentialAction\":[{\"@type\":\"SearchAction\",\"target\":{\"@type\":\"EntryPoint\",\"urlTemplate\":\"http:\/\/www.stellamina.com\/portfolio\/?s={search_term_string}\"},\"query-input\":\"required name=search_term_string\"}],\"inLanguage\":\"en-US\"},{\"@type\":\"Person\",\"@id\":\"http:\/\/www.stellamina.com\/portfolio\/#\/schema\/person\/e416891c727c671692f6c2c884658304\",\"name\":\"Amina Stella Steiner\",\"image\":{\"@type\":\"ImageObject\",\"inLanguage\":\"en-US\",\"@id\":\"http:\/\/www.stellamina.com\/portfolio\/#\/schema\/person\/image\/\",\"url\":\"https:\/\/secure.gravatar.com\/avatar\/92319eb31fc9079e66a5daca325443e3?s=96&d=retro&r=g\",\"contentUrl\":\"https:\/\/secure.gravatar.com\/avatar\/92319eb31fc9079e66a5daca325443e3?s=96&d=retro&r=g\",\"caption\":\"Amina Stella Steiner\"},\"url\":\"https:\/\/www.stellamina.com\/portfolio\/author\/amina-stella-steiner\/\"}]}<\/script>\n<!-- \/ Yoast SEO plugin. -->","yoast_head_json":{"title":"#besserevors\u00e4tze2016 - Vom Vorsatz zum Ziel !","description":"Wir haben es in der Hand, jeden Moment bewusst zu leben und positive Handlungen zu setzen. Dieses Jahr werden wir es tun!","robots":{"index":"index","follow":"follow","max-snippet":"max-snippet:-1","max-image-preview":"max-image-preview:large","max-video-preview":"max-video-preview:-1"},"canonical":"https:\/\/www.stellamina.com\/portfolio\/vorsaetze\/","og_locale":"en_US","og_type":"article","og_title":"#besserevors\u00e4tze2016 - Vom Vorsatz zum Ziel !","og_description":"Wir haben es in der Hand, jeden Moment bewusst zu leben und positive Handlungen zu setzen. Dieses Jahr werden wir es tun!","og_url":"https:\/\/www.stellamina.com\/portfolio\/vorsaetze\/","og_site_name":"STELLAMINA","article_published_time":"2016-01-02T13:49:58+00:00","author":"Amina Stella Steiner","twitter_card":"summary_large_image","twitter_misc":{"Written by":"Amina Stella Steiner","Est. reading time":"8 minutes"},"schema":{"@context":"https:\/\/schema.org","@graph":[{"@type":"WebPage","@id":"https:\/\/www.stellamina.com\/portfolio\/vorsaetze\/","url":"https:\/\/www.stellamina.com\/portfolio\/vorsaetze\/","name":"#besserevors\u00e4tze2016 - Vom Vorsatz zum Ziel !","isPartOf":{"@id":"http:\/\/www.stellamina.com\/portfolio\/#website"},"datePublished":"2016-01-02T13:49:58+00:00","dateModified":"2016-01-02T13:49:58+00:00","author":{"@id":"http:\/\/www.stellamina.com\/portfolio\/#\/schema\/person\/e416891c727c671692f6c2c884658304"},"description":"Wir haben es in der Hand, jeden Moment bewusst zu leben und positive Handlungen zu setzen. Dieses Jahr werden wir es tun!","breadcrumb":{"@id":"https:\/\/www.stellamina.com\/portfolio\/vorsaetze\/#breadcrumb"},"inLanguage":"en-US","potentialAction":[{"@type":"ReadAction","target":["https:\/\/www.stellamina.com\/portfolio\/vorsaetze\/"]}]},{"@type":"BreadcrumbList","@id":"https:\/\/www.stellamina.com\/portfolio\/vorsaetze\/#breadcrumb","itemListElement":[{"@type":"ListItem","position":1,"name":"Home","item":"https:\/\/www.stellamina.com\/portfolio\/"},{"@type":"ListItem","position":2,"name":"#bessereVors\u00e4tze2016"}]},{"@type":"WebSite","@id":"http:\/\/www.stellamina.com\/portfolio\/#website","url":"http:\/\/www.stellamina.com\/portfolio\/","name":"STELLAMINA","description":"visual storytelling for a better world","potentialAction":[{"@type":"SearchAction","target":{"@type":"EntryPoint","urlTemplate":"http:\/\/www.stellamina.com\/portfolio\/?s={search_term_string}"},"query-input":"required name=search_term_string"}],"inLanguage":"en-US"},{"@type":"Person","@id":"http:\/\/www.stellamina.com\/portfolio\/#\/schema\/person\/e416891c727c671692f6c2c884658304","name":"Amina Stella Steiner","image":{"@type":"ImageObject","inLanguage":"en-US","@id":"http:\/\/www.stellamina.com\/portfolio\/#\/schema\/person\/image\/","url":"https:\/\/secure.gravatar.com\/avatar\/92319eb31fc9079e66a5daca325443e3?s=96&d=retro&r=g","contentUrl":"https:\/\/secure.gravatar.com\/avatar\/92319eb31fc9079e66a5daca325443e3?s=96&d=retro&r=g","caption":"Amina Stella Steiner"},"url":"https:\/\/www.stellamina.com\/portfolio\/author\/amina-stella-steiner\/"}]}},"jetpack_featured_media_url":"","jetpack_sharing_enabled":true,"jetpack_shortlink":"https:\/\/wp.me\/p80DMU-1vP","amp_enabled":true,"_links":{"self":[{"href":"https:\/\/www.stellamina.com\/portfolio\/wp-json\/wp\/v2\/posts\/5817"}],"collection":[{"href":"https:\/\/www.stellamina.com\/portfolio\/wp-json\/wp\/v2\/posts"}],"about":[{"href":"https:\/\/www.stellamina.com\/portfolio\/wp-json\/wp\/v2\/types\/post"}],"author":[{"embeddable":true,"href":"https:\/\/www.stellamina.com\/portfolio\/wp-json\/wp\/v2\/users\/1"}],"replies":[{"embeddable":true,"href":"https:\/\/www.stellamina.com\/portfolio\/wp-json\/wp\/v2\/comments?post=5817"}],"version-history":[{"count":0,"href":"https:\/\/www.stellamina.com\/portfolio\/wp-json\/wp\/v2\/posts\/5817\/revisions"}],"wp:featuredmedia":[{"embeddable":true,"href":"https:\/\/www.stellamina.com\/portfolio\/wp-json\/"}],"wp:attachment":[{"href":"https:\/\/www.stellamina.com\/portfolio\/wp-json\/wp\/v2\/media?parent=5817"}],"wp:term":[{"taxonomy":"category","embeddable":true,"href":"https:\/\/www.stellamina.com\/portfolio\/wp-json\/wp\/v2\/categories?post=5817"},{"taxonomy":"post_tag","embeddable":true,"href":"https:\/\/www.stellamina.com\/portfolio\/wp-json\/wp\/v2\/tags?post=5817"}],"curies":[{"name":"wp","href":"https:\/\/api.w.org\/{rel}","templated":true}]}}