{"id":8895,"date":"2016-07-02T23:35:59","date_gmt":"2016-07-02T21:35:59","guid":{"rendered":"http:\/\/www.stellamina.com\/?p=8895"},"modified":"2016-07-02T23:35:59","modified_gmt":"2016-07-02T21:35:59","slug":"fifteenseconds","status":"publish","type":"post","link":"https:\/\/www.stellamina.com\/portfolio\/fifteenseconds\/","title":{"rendered":"FifteenSeconds to happiness."},"content":{"rendered":"<p>[vc_row][vc_column][vc_column_text]<\/p>\n<p style=\"text-align: justify;\">Manchmal nimmt das Leben eine ungeahnte Geschwindigkeit an und aus 15 Sekunden werden 15 Tage.<\/p>\n<p style=\"text-align: justify;\">Vor rund 15 Tagen habe ich mich auf den Weg nach Graz gemacht um zum ersten Mal am <a href=\"http:\/\/fifteenseconds.co\">FifteenSecondsFestival<\/a> teilzunehmen, das sich selbst stolz \u201eEuropas Festival f\u00fcr Vordenker\u201c nennt.<\/p>\n<p style=\"text-align: justify;\">&#8220;Eine Business-Konferenz. Zwei Tage.\u00a0Keine Egos, keine Titel, kein Bullshit.&#8221; hat mich irgendwie neugierig gemacht, wie der Begriff \u201eVordenker\u201c hier wohl definiert wird. Erwartet habe ich nichts, denn wenn ich eines in den letzten Monaten gelernt habe, dann dass Veranstaltungen nur dann wirklich interessant sind, wenn man komplett vorbehaltlos in sie hineingeht und die Dinge einfach passieren l\u00e4sst.<\/p>\n<p>[\/vc_column_text][vc_single_image image=&#8221;9002&#8243; img_size=&#8221;full&#8221; alignment=&#8221;center&#8221;][vc_empty_space][vc_column_text]<\/p>\n<p style=\"text-align: justify;\">Der EM sei Dank, hat mich das Zugticket gerade mal so viel gekostet wie eine Tageskarte f\u00fcr die Wiener \u00d6ffentlichen und der Zufall hat es so gewollt, dass ich die Tage bei meiner lieben Blogger-Kollegin &#8220;<a href=\"http:\/\/juyogi.com\">JuYogi<\/a>&#8221; verbringen durfte.<br \/>\nAus genau diesem Grund bin ich auch einen Tag fr\u00fcher angereist um mit ihr gemeinsam Graz zu erkunden, eine Stadt die es bis Dato leider nie auf meinen Reise-Radar geschafft hat, nun aber etliche Stellen nach oben auf der Lieblings-St\u00e4dte-Liste ger\u00fcckt ist.<\/p>\n<p style=\"text-align: justify;\">In nur 2 Stunden hat es Ju geschafft, mir gef\u00fchlt ganz Graz zu zeigen, unter anderem auch den Zero-Waste Laden <a href=\"http:\/\/dasgramm.at\">&#8220;Das Gramm&#8221;<\/a>\u00a0und ungef\u00e4hr 20 verschiedene Lokale, die ich bei meinem n\u00e4chsten Besuch der Reihe nach abklappern werde. Zwei Stunden flanieren haben ihr Ende im <a href=\"http:\/\/kunsthauscafe.co.at\">Kunsthaus Caf\u00e9<\/a>\u00a0gefunden, wo wir mit zwei Arbeitskollegen und Freunden von Ju zu Abend gegessen und geplaudert haben.<\/p>\n<p>[\/vc_column_text][vc_single_image image=&#8221;8998&#8243; img_size=&#8221;full&#8221; alignment=&#8221;center&#8221;][vc_single_image image=&#8221;8997&#8243; img_size=&#8221;full&#8221; alignment=&#8221;center&#8221;][vc_single_image image=&#8221;9001&#8243; img_size=&#8221;full&#8221; alignment=&#8221;center&#8221;][vc_empty_space][vc_column_text]<\/p>\n<blockquote>\n<p style=\"text-align: justify;\">GUTEN MORGEN IN GRAZ. SCH\u00d6N, DASS DU HIER BIST.<\/p>\n<\/blockquote>\n<p style=\"text-align: justify;\">Donnerstag, Tag eins der Messe. Angekommen am Messegel\u00e4nde war ich erstmal \u00fcberw\u00e4ltigt von den Ausma\u00dfen der Veranstaltung. Hallen, S\u00e4\u00e4le, St\u00e4nde, M\u00f6glichkeiten &#8211; wohin das Auge reichte &#8211; und vor allem viele Menschen. Dreitausend Kreativ-K\u00f6pfe haben sich versammelt um\u00a0gemeinsam unter dem Hashtag #<a href=\"https:\/\/www.instagram.com\/explore\/tags\/thinkahead16\/\">thinkahead16<\/a> die Zukunft des Marketing zu erforschen, zu definieren oder sich einfach inspirieren zu lassen.<\/p>\n<p style=\"text-align: justify;\">Ich entschied mich f\u00fcr Letzteres und hatte meine erste lustige Begegnung am Eingang, wo mich eine unbekannte, erstaunte Stimme fragte: &#8220;Bist du nicht die, die sich im Fitnessstudio in Wien immer so verbiegt und komische \u00dcbungen macht?&#8221;. Das war dann wohl ich und sogleich fand ich mich bei einer Tasse <a href=\"https:\/\/www.jhornig.com\">J.Hornig<\/a> Kaffee ins erste Gespr\u00e4ch versunken. Dass ich ihn als Einzige aus meinem mitgebrachten Becher schl\u00fcrfte machte mich zumindest f\u00fcr den Moment zur &#8220;Vordenkerin&#8221;, denn die restlichen rund 90.000 Becher landeten im M\u00fcll &#8211; sehr leckerer FairTrade Kaffee hin oder her.<\/p>\n<p style=\"text-align: justify;\">Auch was die Essgewohnheiten der &#8220;Marketing Fuzzies&#8221; angeht &#8211; wie man uns liebevoll nannte &#8211; wurde wenig weit gedacht, denn zum M\u00fcsli gab es ausschlie\u00dflich normale Milch und zu Mittag den f\u00fcr Veganer obligatorischen Salat.\u00a0An dieser Stelle h\u00f6rt meine Beschwerdeliste schon wieder auf, denn hier setzt wie die tosende Mur meine Begeisterung ein.<\/p>\n<p>[\/vc_column_text][vc_single_image image=&#8221;8994&#8243; img_size=&#8221;full&#8221; alignment=&#8221;center&#8221;][vc_single_image image=&#8221;9023&#8243; img_size=&#8221;full&#8221; alignment=&#8221;center&#8221; onclick=&#8221;custom_link&#8221; link=&#8221;http:\/\/fifteenseconds.co&#8221;][vc_empty_space][vc_column_text]<\/p>\n<blockquote><p>BITTE SPA\u00df HABEN.\u00a0IMMER WIEDER MAL.<\/p><\/blockquote>\n<p style=\"text-align: justify;\">Der Spa\u00df kam in den zwei Tagen trotz &#8220;Business-Aspekt&#8221; nicht zu kurz. Das FifteenSecondsFestival war gr\u00f6\u00dfer, schneller, lauter, verr\u00fcckter, als alles was ich bisher besucht habe &#8211; siehe Video!<\/p>\n<p style=\"text-align: justify;\">Egal ob man sich einen Kindheitstraum erf\u00fcllte und in den Pool aus B\u00e4llen h\u00fcpfte, sich per VirtualReality mal eben in ein Flugzeug setzte, Rekorde im Planking aufstellte, oder doch lieber auf der Riesen-Schaukel durch die Luft schwebte &#8211; es gab genug M\u00f6glichkeiten, einfach mal aus dem Trott auszubrechen, Verr\u00fccktes zu tun und zwischen den Sessions den Kopf frei zu bekommen.<\/p>\n<p style=\"text-align: justify;\">Neben dem Spa\u00df stand eines im Vordergrund &#8211; ein Lineup an inspirierenden Menschen.\u00a0Entscheiden konnte man zwischen 120 Speakern, 40 Keynotes, 60 Masterclasses und 5 Panels, die \u00fcber die zwei Tage hinweg parallel zueinander stattfanden.<\/p>\n<p>[\/vc_column_text][vc_video link=&#8221;https:\/\/youtu.be\/Q9krHFjBWrk&#8221; el_width=&#8221;70&#8243; align=&#8221;center&#8221;][vc_empty_space][vc_column_text]<\/p>\n<p style=\"text-align: justify;\">Trotz meinem Versuch so viele der f\u00fcr mich relevanten Talks wie m\u00f6glich zu sehen, habe ich mir bewusst eines genommen: ZEIT. Die hatte hier auf einmal jeder.\u00a0Genau diese\u00a0f\u00fcr uns Marketing-Leute so ungewohnte\u00a0Ruhe und Gelassenheit\u00a0empfand ich auch als das wertvollste Erlebnis der Veranstaltung.\u00a0Selbst Dauer-Jet-Steter wie Marion (<a href=\"https:\/\/www.instagram.com\/ladyvenom\/?hl=de\">ladyvenom<\/a>) und Raffael (<a href=\"https:\/\/www.instagram.com\/lionheaded\/?hl=de\">thelionheaded<\/a>) haben sich bewusst Zeit genommen, die Messe in all ihren M\u00f6glichkeiten wahrzunehmen, was viel Raum f\u00fcr gro\u00dfartige Gespr\u00e4che lie\u00df.<\/p>\n<p style=\"text-align: justify;\">Mit Peter von <a href=\"http:\/\/tastycreates.com\">tasytcreates<\/a> wiederum setzte ich spontan zwei Shootings um &#8211; eines noch direkt am Gel\u00e4nde, und eines sp\u00e4ter in den Abendlichtern der Stadt.<\/p>\n<p>[\/vc_column_text][vc_single_image image=&#8221;9000&#8243; img_size=&#8221;full&#8221; alignment=&#8221;center&#8221;][vc_single_image image=&#8221;8999&#8243; img_size=&#8221;full&#8221; alignment=&#8221;center&#8221;][vc_empty_space][vc_column_text]<\/p>\n<blockquote><p>Challenging the commercial future.<\/p><\/blockquote>\n<p style=\"text-align: justify;\">Tag zwei verlief\u00a0wie der Erste. Viele Talks und Gespr\u00e4che folgten einander. Mit dem Nachmittag setzte aber auch etwas die Ersch\u00f6pfung ein und die Hallen begannen sich langsam zu leeren.<\/p>\n<p style=\"text-align: justify;\"><em>Was wird das n\u00e4chste gro\u00dfe Ding? Wie k\u00f6nnen wir die Zukunft gestalten? <\/em><br \/>\nAuf die zentralen Fragen des Festivals habe ich keine Antworten gefunden, denn die Talks waren interessant, aber nur bei einigen wenigen Ausnahmen wirklich wegweisend. Vielmehr haben sie schon Bekanntes in Erinnerung gerufen und aufgezeigt &#8211; was nicht minder wichtig und spannend war.<\/p>\n<p style=\"text-align: justify;\">Den Blick nach vorne zu richten, liegt letztendlich bei uns, in der Art wie wir mit den Informationen und Inputs umgehen, sie einsetzen und leben.\u00a0Auch der Aspekt der Nachhaltigkeit hat im Marketing noch lange nicht den Stellenwert eingenommen, der ihm zustehen w\u00fcrde. Da liegt es nun an den &#8220;Vordenkern&#8221; diesen endlich st\u00e4rker zu integrieren.<\/p>\n<p style=\"text-align: justify;\">&#8220;In 15 Sekunden zum Gl\u00fcck&#8221; war der Spruch mit dem die B\u00e4ckerei <a href=\"http:\/\/www.martinauer.at\">Auer<\/a> uns den ganzen Tag mit frischen Geb\u00e4ck versorgte. F\u00fcr mich steht der Spruch f\u00fcr zwei Tage voller Erinnerungen, verr\u00fcckter Momente und Begegnungen die ich nicht missen m\u00f6chte. 15 Sekunden reichen laut den Veranstaltern, um eine Idee zu erkl\u00e4ren. 15 Sekunden reichen, um in ein Brot zu bei\u00dfen und den Geschmack wahrzunehmen. 15 Sekunden reichen um jemanden in die Augen zu schauen und eine Verbindung herzustellen und 15 Sekunden reichen um auf eine Taste zu dr\u00fccken und n\u00e4chstes Jahr wieder dabei zu sein \ud83d\ude09<\/p>\n<p>[\/vc_column_text][vc_single_image image=&#8221;8996&#8243; img_size=&#8221;full&#8221; alignment=&#8221;center&#8221;][vc_single_image image=&#8221;8995&#8243; img_size=&#8221;full&#8221; alignment=&#8221;center&#8221;][\/vc_column][\/vc_row][vc_row][vc_column][vc_column_text]<\/p>\n<p style=\"text-align: justify;\">Vordenken &amp; Nachsehen &#8211; das geht.<br \/>\nFifteenSeconds hat einige der Panels auf YouTube f\u00fcr die Nachwelt festgehalten. Zum Channel geht es <a href=\"https:\/\/www.youtube.com\/playlist?list=PLhLSZEr64gvFR9lSjfJZ6syNb_tBn_dIS\">hier<\/a>.<\/p>\n<h4 style=\"text-align: justify;\">Outfit:<\/h4>\n<p style=\"text-align: justify;\">Rucksack und Schuhe sind vegan und fair hergestellt von <a href=\"https:\/\/wills-vegan-shoes.com\">Wills Vegan Shoes<\/a>.<br \/>\nDas Shirt ist ebenfalls vegan und fair von <a href=\"https:\/\/www.funktionschnitt.de\">Funktionsschnitt<\/a>.<\/p>\n<h6 style=\"text-align: justify;\">Ein paar der Fotos have ich mir von der\u00a0<a href=\"http:\/\/fifteenseconds.co\/thinkahead16\/\">FifteenSecondsFestivalSeite<\/a>\u00a0geklaut &#8211; habe ich aber brav verlinkt. Einige sind vom werten Herrn\u00a0<a href=\"http:\/\/tastycreates.com\">tastycreates<\/a>\u00a0&#8211; ebenfalls verlinkt. Der nicht klickere Rest ist von mir \ud83d\ude09<\/h6>\n<p>[\/vc_column_text][\/vc_column][\/vc_row]<\/p>\n","protected":false},"excerpt":{"rendered":"<p>Den Blick nach vorne zu richten, liegt letztendlich bei uns, in der Art wie wir mit den Informationen und Inputs umgehen, sie einsetzen und leben.<\/p>\n","protected":false},"author":1,"featured_media":9029,"comment_status":"open","ping_status":"open","sticky":false,"template":"","format":"standard","meta":{"jetpack_post_was_ever_published":false,"_jetpack_newsletter_access":"","_jetpack_dont_email_post_to_subs":false,"_jetpack_newsletter_tier_id":0,"_jetpack_memberships_contains_paywalled_content":false,"_jetpack_memberships_contains_paid_content":false,"footnotes":"","jetpack_publicize_message":"","jetpack_publicize_feature_enabled":true,"jetpack_social_post_already_shared":true,"jetpack_social_options":{"image_generator_settings":{"template":"highway","enabled":false}}},"categories":[1,726,245],"tags":[749,750,171,751,280,281,142,752,753,282],"jetpack_publicize_connections":[],"yoast_head":"<!-- This site is optimized with the Yoast SEO plugin v20.5 - https:\/\/yoast.com\/wordpress\/plugins\/seo\/ -->\n<title>FifteenSecondsFestival - In 15 Sekunden zum Gl\u00fcck<\/title>\n<meta name=\"description\" content=\"Den Blick nach vorne zu richten, liegt letztendlich bei uns, in der Art wie wir mit den Informationen und Inputs umgehen, sie einsetzen und leben.\" \/>\n<meta name=\"robots\" content=\"index, follow, max-snippet:-1, max-image-preview:large, max-video-preview:-1\" \/>\n<link rel=\"canonical\" href=\"https:\/\/www.stellamina.com\/portfolio\/fifteenseconds\/\" \/>\n<meta property=\"og:locale\" content=\"en_US\" \/>\n<meta property=\"og:type\" content=\"article\" \/>\n<meta property=\"og:title\" content=\"FifteenSecondsFestival - In 15 Sekunden zum Gl\u00fcck\" \/>\n<meta property=\"og:description\" content=\"Den Blick nach vorne zu richten, liegt letztendlich bei uns, in der Art wie wir mit den Informationen und Inputs umgehen, sie einsetzen und leben.\" \/>\n<meta property=\"og:url\" content=\"https:\/\/www.stellamina.com\/portfolio\/fifteenseconds\/\" \/>\n<meta property=\"og:site_name\" content=\"STELLAMINA\" \/>\n<meta property=\"article:published_time\" content=\"2016-07-02T21:35:59+00:00\" \/>\n<meta name=\"author\" content=\"Amina Stella Steiner\" \/>\n<meta name=\"twitter:card\" content=\"summary_large_image\" \/>\n<meta name=\"twitter:title\" content=\"FifteenSecondsFestival - In 15 Sekunden zum Gl\u00fcck\" \/>\n<meta name=\"twitter:label1\" content=\"Written by\" \/>\n\t<meta name=\"twitter:data1\" content=\"Amina Stella Steiner\" \/>\n\t<meta name=\"twitter:label2\" content=\"Est. reading time\" \/>\n\t<meta name=\"twitter:data2\" content=\"6 minutes\" \/>\n<script type=\"application\/ld+json\" class=\"yoast-schema-graph\">{\"@context\":\"https:\/\/schema.org\",\"@graph\":[{\"@type\":\"WebPage\",\"@id\":\"https:\/\/www.stellamina.com\/portfolio\/fifteenseconds\/\",\"url\":\"https:\/\/www.stellamina.com\/portfolio\/fifteenseconds\/\",\"name\":\"FifteenSecondsFestival - In 15 Sekunden zum Gl\u00fcck\",\"isPartOf\":{\"@id\":\"http:\/\/www.stellamina.com\/portfolio\/#website\"},\"datePublished\":\"2016-07-02T21:35:59+00:00\",\"dateModified\":\"2016-07-02T21:35:59+00:00\",\"author\":{\"@id\":\"http:\/\/www.stellamina.com\/portfolio\/#\/schema\/person\/e416891c727c671692f6c2c884658304\"},\"description\":\"Den Blick nach vorne zu richten, liegt letztendlich bei uns, in der Art wie wir mit den Informationen und Inputs umgehen, sie einsetzen und leben.\",\"breadcrumb\":{\"@id\":\"https:\/\/www.stellamina.com\/portfolio\/fifteenseconds\/#breadcrumb\"},\"inLanguage\":\"en-US\",\"potentialAction\":[{\"@type\":\"ReadAction\",\"target\":[\"https:\/\/www.stellamina.com\/portfolio\/fifteenseconds\/\"]}]},{\"@type\":\"BreadcrumbList\",\"@id\":\"https:\/\/www.stellamina.com\/portfolio\/fifteenseconds\/#breadcrumb\",\"itemListElement\":[{\"@type\":\"ListItem\",\"position\":1,\"name\":\"Home\",\"item\":\"https:\/\/www.stellamina.com\/portfolio\/\"},{\"@type\":\"ListItem\",\"position\":2,\"name\":\"FifteenSeconds to happiness.\"}]},{\"@type\":\"WebSite\",\"@id\":\"http:\/\/www.stellamina.com\/portfolio\/#website\",\"url\":\"http:\/\/www.stellamina.com\/portfolio\/\",\"name\":\"STELLAMINA\",\"description\":\"visual storytelling for a better world\",\"potentialAction\":[{\"@type\":\"SearchAction\",\"target\":{\"@type\":\"EntryPoint\",\"urlTemplate\":\"http:\/\/www.stellamina.com\/portfolio\/?s={search_term_string}\"},\"query-input\":\"required name=search_term_string\"}],\"inLanguage\":\"en-US\"},{\"@type\":\"Person\",\"@id\":\"http:\/\/www.stellamina.com\/portfolio\/#\/schema\/person\/e416891c727c671692f6c2c884658304\",\"name\":\"Amina Stella Steiner\",\"image\":{\"@type\":\"ImageObject\",\"inLanguage\":\"en-US\",\"@id\":\"http:\/\/www.stellamina.com\/portfolio\/#\/schema\/person\/image\/\",\"url\":\"https:\/\/secure.gravatar.com\/avatar\/92319eb31fc9079e66a5daca325443e3?s=96&d=retro&r=g\",\"contentUrl\":\"https:\/\/secure.gravatar.com\/avatar\/92319eb31fc9079e66a5daca325443e3?s=96&d=retro&r=g\",\"caption\":\"Amina Stella Steiner\"},\"url\":\"https:\/\/www.stellamina.com\/portfolio\/author\/amina-stella-steiner\/\"}]}<\/script>\n<!-- \/ Yoast SEO plugin. -->","yoast_head_json":{"title":"FifteenSecondsFestival - In 15 Sekunden zum Gl\u00fcck","description":"Den Blick nach vorne zu richten, liegt letztendlich bei uns, in der Art wie wir mit den Informationen und Inputs umgehen, sie einsetzen und leben.","robots":{"index":"index","follow":"follow","max-snippet":"max-snippet:-1","max-image-preview":"max-image-preview:large","max-video-preview":"max-video-preview:-1"},"canonical":"https:\/\/www.stellamina.com\/portfolio\/fifteenseconds\/","og_locale":"en_US","og_type":"article","og_title":"FifteenSecondsFestival - In 15 Sekunden zum Gl\u00fcck","og_description":"Den Blick nach vorne zu richten, liegt letztendlich bei uns, in der Art wie wir mit den Informationen und Inputs umgehen, sie einsetzen und leben.","og_url":"https:\/\/www.stellamina.com\/portfolio\/fifteenseconds\/","og_site_name":"STELLAMINA","article_published_time":"2016-07-02T21:35:59+00:00","author":"Amina Stella Steiner","twitter_card":"summary_large_image","twitter_title":"FifteenSecondsFestival - In 15 Sekunden zum Gl\u00fcck","twitter_misc":{"Written by":"Amina Stella Steiner","Est. reading time":"6 minutes"},"schema":{"@context":"https:\/\/schema.org","@graph":[{"@type":"WebPage","@id":"https:\/\/www.stellamina.com\/portfolio\/fifteenseconds\/","url":"https:\/\/www.stellamina.com\/portfolio\/fifteenseconds\/","name":"FifteenSecondsFestival - In 15 Sekunden zum Gl\u00fcck","isPartOf":{"@id":"http:\/\/www.stellamina.com\/portfolio\/#website"},"datePublished":"2016-07-02T21:35:59+00:00","dateModified":"2016-07-02T21:35:59+00:00","author":{"@id":"http:\/\/www.stellamina.com\/portfolio\/#\/schema\/person\/e416891c727c671692f6c2c884658304"},"description":"Den Blick nach vorne zu richten, liegt letztendlich bei uns, in der Art wie wir mit den Informationen und Inputs umgehen, sie einsetzen und leben.","breadcrumb":{"@id":"https:\/\/www.stellamina.com\/portfolio\/fifteenseconds\/#breadcrumb"},"inLanguage":"en-US","potentialAction":[{"@type":"ReadAction","target":["https:\/\/www.stellamina.com\/portfolio\/fifteenseconds\/"]}]},{"@type":"BreadcrumbList","@id":"https:\/\/www.stellamina.com\/portfolio\/fifteenseconds\/#breadcrumb","itemListElement":[{"@type":"ListItem","position":1,"name":"Home","item":"https:\/\/www.stellamina.com\/portfolio\/"},{"@type":"ListItem","position":2,"name":"FifteenSeconds to happiness."}]},{"@type":"WebSite","@id":"http:\/\/www.stellamina.com\/portfolio\/#website","url":"http:\/\/www.stellamina.com\/portfolio\/","name":"STELLAMINA","description":"visual storytelling for a better world","potentialAction":[{"@type":"SearchAction","target":{"@type":"EntryPoint","urlTemplate":"http:\/\/www.stellamina.com\/portfolio\/?s={search_term_string}"},"query-input":"required name=search_term_string"}],"inLanguage":"en-US"},{"@type":"Person","@id":"http:\/\/www.stellamina.com\/portfolio\/#\/schema\/person\/e416891c727c671692f6c2c884658304","name":"Amina Stella Steiner","image":{"@type":"ImageObject","inLanguage":"en-US","@id":"http:\/\/www.stellamina.com\/portfolio\/#\/schema\/person\/image\/","url":"https:\/\/secure.gravatar.com\/avatar\/92319eb31fc9079e66a5daca325443e3?s=96&d=retro&r=g","contentUrl":"https:\/\/secure.gravatar.com\/avatar\/92319eb31fc9079e66a5daca325443e3?s=96&d=retro&r=g","caption":"Amina Stella Steiner"},"url":"https:\/\/www.stellamina.com\/portfolio\/author\/amina-stella-steiner\/"}]}},"jetpack_featured_media_url":"","jetpack_sharing_enabled":true,"jetpack_shortlink":"https:\/\/wp.me\/p80DMU-2jt","amp_enabled":true,"_links":{"self":[{"href":"https:\/\/www.stellamina.com\/portfolio\/wp-json\/wp\/v2\/posts\/8895"}],"collection":[{"href":"https:\/\/www.stellamina.com\/portfolio\/wp-json\/wp\/v2\/posts"}],"about":[{"href":"https:\/\/www.stellamina.com\/portfolio\/wp-json\/wp\/v2\/types\/post"}],"author":[{"embeddable":true,"href":"https:\/\/www.stellamina.com\/portfolio\/wp-json\/wp\/v2\/users\/1"}],"replies":[{"embeddable":true,"href":"https:\/\/www.stellamina.com\/portfolio\/wp-json\/wp\/v2\/comments?post=8895"}],"version-history":[{"count":0,"href":"https:\/\/www.stellamina.com\/portfolio\/wp-json\/wp\/v2\/posts\/8895\/revisions"}],"wp:featuredmedia":[{"embeddable":true,"href":"https:\/\/www.stellamina.com\/portfolio\/wp-json\/"}],"wp:attachment":[{"href":"https:\/\/www.stellamina.com\/portfolio\/wp-json\/wp\/v2\/media?parent=8895"}],"wp:term":[{"taxonomy":"category","embeddable":true,"href":"https:\/\/www.stellamina.com\/portfolio\/wp-json\/wp\/v2\/categories?post=8895"},{"taxonomy":"post_tag","embeddable":true,"href":"https:\/\/www.stellamina.com\/portfolio\/wp-json\/wp\/v2\/tags?post=8895"}],"curies":[{"name":"wp","href":"https:\/\/api.w.org\/{rel}","templated":true}]}}