{"id":9394,"date":"2016-08-10T19:54:40","date_gmt":"2016-08-10T17:54:40","guid":{"rendered":"http:\/\/www.stellamina.com\/?p=9394"},"modified":"2016-08-10T19:54:40","modified_gmt":"2016-08-10T17:54:40","slug":"fairliebt-in-wien-3","status":"publish","type":"post","link":"https:\/\/www.stellamina.com\/portfolio\/fairliebt-in-wien-3\/","title":{"rendered":"Wien ist anders. Ich auch! 5 Gr\u00fcnde, FAIRliebt in Wien zu sein."},"content":{"rendered":"<p>[vc_row][vc_column][vc_column_text]<\/p>\n<p style=\"text-align: justify;\">Erinnerst du dich an deinen ersten Liebesbrief? Und an deinen Letzten? Mein letzter Liebesbrief ist eine gef\u00fchlte Ewigkeit her. Nein, eine WhatsApp-Nachricht z\u00e4hle ich nicht. Aber es ist soweit. Ende des Monats feiern meine wohl l\u00e4ngste und innigste Beziehung und ich unseren ersten Jahrestag &#8211; h\u00f6chste Zeit, die Finger \u00fcber die Tastatur fliegen zu lassen. Wien ich liebe dich.<\/p>\n<p>[\/vc_column_text][vc_single_image image=&#8221;9408&#8243; img_size=&#8221;full&#8221; alignment=&#8221;center&#8221;][vc_empty_space][vc_column_text]<\/p>\n<p style=\"text-align: justify;\">Wien ist wie\u00a0Koriander. Man liebt es oder hasst es. Viel dazwischen gibt es nicht. Ich z\u00e4hle mich gl\u00fccklicherweise zu ersterer Gruppe, in beiden F\u00e4llen, Koriander und Wien, was mir nicht nur schmackhafte Salate und Suppen sondern seit nun einem Jahr auch sch\u00f6ne Tage und Stunden beschert.<\/p>\n<p style=\"text-align: justify;\">Vergangenen Sommer habe ich mich mit einem Rucksack auf den Weg gemacht, um die Stadt Salzburg endg\u00fcltig hinter mit zu lassen (FYI: Ich habe dort 2 Jahre gelebt und studiert &#8211; und nein ich habe es nicht sonderlich genossen). Barcelona, Nizza und Berlin hielten neben gro\u00dfartigen Couchsurfer-Hosts viele Abenteuer und sch\u00f6ne Momente f\u00fcr mich bereit. Direkt von Berlin bin ich dann nur mit dem Rucksack in eine leere Wohnung in Wien gezogen, die sich \u00fcber die letzten Monate gef\u00fcllt und zu meinem Zuhause entwickelt hat.<\/p>\n<p style=\"text-align: justify;\">Ja, Wien ist mein Zuhause geworden, so sehr, dass ich nur noch alle paar Monate den Weg in meine Heimatstadt Linz finde. Es gibt viele Gr\u00fcnde, warum ich mich hier so wohl f\u00fchle. 5 davon verrate ich dir.<\/p>\n<p>[\/vc_column_text][\/vc_column][\/vc_row][vc_row][vc_column][vc_custom_heading text=&#8221;Gl\u00fcck ist, wenn der Verstand tanzt, das Herz atmet und die Augen lieben. &#8221; font_container=&#8221;tag:h4|text_align:center&#8221; google_fonts=&#8221;font_family:Nothing%20You%20Could%20Do%3Aregular|font_style:400%20regular%3A400%3Anormal&#8221;][vc_column_text]<\/p>\n<p style=\"text-align: center;\"><iframe loading=\"lazy\" class=\"giphy-embed\" src=\"\/\/giphy.com\/embed\/3o6ZsYGqdl6r2BnJtK\" width=\"480\" height=\"853\" frameborder=\"0\" allowfullscreen=\"allowfullscreen\"><\/iframe><\/p>\n<p>[\/vc_column_text][\/vc_column][\/vc_row][vc_row][vc_column][vc_column_text]<\/p>\n<h2 style=\"text-align: center;\">5 Gr\u00fcnde FAIRliebt in Wien zu sein.<\/h2>\n<p>[\/vc_column_text][vc_empty_space][vc_column_text]<\/p>\n<h3>1. Wien ist anders. Ich auch.<\/h3>\n<p style=\"text-align: justify;\">Dem &#8220;anders-sein&#8221; und &#8220;anders-f\u00fchlen&#8221; habe ich schon mal einen <a href=\"http:\/\/www.stellamina.com\/andersland\/\">eigenen Beitrag<\/a> gewidmet. Fakt ist, nach Jahren der Selbstsuche und dem Gef\u00fchl der Unzugeh\u00f6rigkeit ist es Wien gelungen, mich vom ersten Tag an Willkommen zu hei\u00dfen, mir viele ebenso anders-denkende Menschen zu Seite zu stellen und mir zu erm\u00f6glich mein &#8220;anders-sein&#8221; zu leben. Damit meine ich, dass ich mich an Orten aufhalten kann an denen ich mich wohl f\u00fchle, mich mit Menschen umgeben kann, mit denen ich gerne meine Zeit verbringe (hallo ihr lieben Freunde) die Arbeit aus\u00fcben kann, die ich liebe (<a href=\"https:\/\/vienna.impacthub.net\">Impact Hub Vienna<\/a>, <a href=\"http:\/\/www.wearebetter.at\">Better<\/a>, <a href=\"http:\/\/www.schumbeta.at\">Schumbeta<\/a>) und so konsumieren kann, wie ich es mir f\u00fcr meinen Lebensstil w\u00fcnsche (<a href=\"http:\/\/mass-greisslerei.at\/Lunzers_Sortiment.pdf\">MassGreisslerei<\/a>, <a href=\"http:\/\/bauernladenhelene.at\">Bauernladen Helene<\/a>,\u00a0<a href=\"http:\/\/www.margaretenplatz.wien\/jeden-donnerstag-spezialitaeten-markt\/\">Wochenmarkt<\/a>, ..)<\/p>\n<p>[\/vc_column_text][\/vc_column][\/vc_row][vc_row][vc_column][vc_column_text]<\/p>\n<h3>2. Wien ist und bleibt ein Dorf.<\/h3>\n<p style=\"text-align: justify;\">Wer Wien nur hin und wieder besucht, erlebt die Stadt vielleicht als gro\u00df, kalt und grau, doch als Stahlstadt-Kind habe ich schnell, das Farbspiel dahinter entdeckt. Wie in jeder Stadt teilt sich alles in Bezirke &#8211; ich meine &#8220;Gr\u00e4tzl&#8221;. In seinem Gr\u00e4zl kennt\u00a0man schnell alles und jeden, doch vor allem auch in bestimmten &#8220;Interessens-feldern&#8221; l\u00e4uft man sich andauernd \u00fcber den Weg. Egal ob &#8220;Yoga&#8221;, &#8220;Start-Up&#8221; oder &#8220;Green Living&#8221; &#8211; man besucht die gleichen Events, Orte und Lokale, kommt ins Gespr\u00e4ch und lernt sich kennen bzw. trifft sich wieder.<\/p>\n<p>[\/vc_column_text][\/vc_column][\/vc_row][vc_row][vc_column][vc_single_image image=&#8221;9415&#8243; img_size=&#8221;full&#8221; alignment=&#8221;center&#8221;][vc_empty_space][vc_column_text]<\/p>\n<h3>3. Drahtesel vor Rostlaube.<\/h3>\n<p style=\"text-align: justify;\">Viele schw\u00e4rmen von den tollen \u00d6ffis in Wien. Ich bin sicher, die sind auch gro\u00dfartig, ich habe nur leider keine Ahnung, denn ich hab sie in einem Jahr ganze <strong>5 Mal\u00a0<\/strong>verwendet. Den Rest der Zeit habe ich mich auf meinen Drahtesel geschwungen und bin durch die Stadt ged\u00fcst &#8211; nat\u00fcrlich mit Helm \ud83d\ude09 Im Schnitt brauche ich 10-15min von A nach B. Maximal fahre ich 30min &#8211; das ersetzt dann einfach den Sport des Tages.<br \/>\nEinziger Nachteil: So ein Fahrrad ist nirgends sicher. Schon gar nicht vor der eigenen Haust\u00fcre. Das Schmuckst\u00fcck auf den Bildern ist mein zweites Rad in Wien.<\/p>\n<p>[\/vc_column_text][\/vc_column][\/vc_row][vc_row][vc_column width=&#8221;1\/2&#8243;][vc_column_text]<\/p>\n<p style=\"text-align: center;\"><iframe loading=\"lazy\" class=\"giphy-embed\" src=\"\/\/giphy.com\/embed\/3o6ZtfAVqT0D17rUVq\" width=\"480\" height=\"853\" frameborder=\"0\" allowfullscreen=\"allowfullscreen\"><\/iframe><\/p>\n<p>[\/vc_column_text][\/vc_column][vc_column width=&#8221;1\/2&#8243;][vc_column_text]<\/p>\n<p style=\"text-align: center;\"><iframe loading=\"lazy\" class=\"giphy-embed\" src=\"\/\/giphy.com\/embed\/26ufgNVc03PjNFMU8\" width=\"480\" height=\"853\" frameborder=\"0\" allowfullscreen=\"allowfullscreen\"><\/iframe><\/p>\n<p>[\/vc_column_text][\/vc_column][\/vc_row][vc_row][vc_column][vc_column_text]<\/p>\n<h3>4. Bussi. Schm\u00e4h. W\u00fcrstelstand. &#8211; Die alte Wiener Seele<\/h3>\n<p style=\"text-align: justify;\">Man kann sich dem Wiener Schm\u00e4h einfach nicht entziehen. Obwohl gesch\u00e4tzt 80% der Menschen um mich ebenfalls keine Wiener sind, findet der Schm\u00e4h immer wieder seinen Weg und erfreut das Gem\u00fct. Selbst \u00fcber den typischen Wiener Grant kann man einfach nur L\u00e4cheln.\u00a0Ebenso oft wie auf den &#8220;Wiener Grant&#8221; trifft man auf die &#8220;alte Wiener Seele&#8221;&#8230; leichte Melancholie, selbst der optimistischste Gedanke wird mit pessimistischem Wortschatz ausgedr\u00fcckt &#8211; doch am Ende des Tages ist der Wiener &#8221; a g&#8217;selliger Typ&#8221; und freut sich Gedanken und Grant mit anderen zu teilen.<\/p>\n<p>[\/vc_column_text][\/vc_column][\/vc_row][vc_row][vc_column][vc_column_text]<\/p>\n<h3>5. Wien ist, wo du bist.<\/h3>\n<p style=\"text-align: justify;\">Es ist eine Stadt der unendlichen M\u00f6glichkeiten. Was ich Anfangs als <a href=\"http:\/\/www.stellamina.com\/nichts-erlebt\/\">Herausforderung<\/a> empfunden habe, sch\u00e4tze ich nun jeden Tag um so mehr. Wenn ich Lust auf Kunst und Kultur habe, l\u00e4sst sich diese ebenso befriedigen wie Lust auf Musik und Tanz, oder das Bed\u00fcrfnis nach Natur. In Wien kann man Tag und Nacht im Dunkel oder im Gr\u00fcnen verbringen &#8211; im grau, oder Nahe blau. Du entscheidest, was Wien ist, je nachdem wo du gerade bist. (PS: ich habe soeben beschlossen, dass ich euch mal meine Lieblingsspots vorstellen werde!)<\/p>\n<p>[\/vc_column_text][\/vc_column][\/vc_row][vc_row][vc_column][vc_single_image image=&#8221;9416&#8243; img_size=&#8221;full&#8221; alignment=&#8221;center&#8221;][vc_empty_space][vc_column_text]<\/p>\n<p style=\"text-align: justify;\">Du siehst, es ist leicht, sich in diese Stadt zu VERlieben, aber ich habe mich ja FAIRliebt weil sie mich jeden Tag viel lehrt, \u00fcber Nachhaltigkeit, Unternehmertum, urbanen Lebensraum, die Art wie wir uns in ihm bewegen und bewegen k\u00f6nnten. Wien ist eine riesige Universit\u00e4t f\u00fcr mich und eine kleiner Teil der Universit\u00e4t names Leben &#8211; der einzigen die man niemals schw\u00e4nzen sollte. Seit ich in Wien lebe, habe ich meinen Lebensstil auf ein neues Level gehoben, versuche nur noch faire Kleidung und andere Produkte zu kaufen und meinen M\u00fcll zu reduzieren. Ich entwickle mich jeden Tag weiter, entdecke Neues und bin dieser Stadt dankbar f\u00fcr all die M\u00f6glichkeiten, Inspirationen und Freuden, die sie mir bietet.<\/p>\n<p>[\/vc_column_text][\/vc_column][\/vc_row][vc_row][vc_column][vc_custom_heading text=&#8221;Tanzt!<br \/>\nVor allem aus der Reihe! &#8221; font_container=&#8221;tag:h4|text_align:center&#8221; google_fonts=&#8221;font_family:Nothing%20You%20Could%20Do%3Aregular|font_style:400%20regular%3A400%3Anormal&#8221;][vc_column_text]<\/p>\n<p style=\"text-align: center;\"><iframe loading=\"lazy\" class=\"giphy-embed\" src=\"\/\/giphy.com\/embed\/3o7TKSI81UW73Oi5oI\" width=\"480\" height=\"853\" frameborder=\"0\" allowfullscreen=\"allowfullscreen\"><\/iframe><\/p>\n<p>[\/vc_column_text][vc_column_text]<\/p>\n<h4>Zum Outfit.<\/h4>\n<ul>\n<li>Das Shirt ist mein Liebling von <a href=\"https:\/\/www.funktionschnitt.de\">Funktion Schnitt<\/a> &#8211; das kennt ihr bereits aus <a href=\"http:\/\/www.stellamina.com\/funktionschnitt-bahatika\/\">diesem Beitrag<\/a>.<\/li>\n<li>Den Rock habe ich <strong>Second Hand<\/strong> erstanden.<\/li>\n<li>Die <a href=\"https:\/\/www.noah-shop.com\/palmira-nero.html\">Schuhe<\/a> habe ich irgendwann am Anfang des Sommers an- und seit damals kaum noch ausgezogen, weil sie so bequem sind. Das hat sich auch auf <a href=\"https:\/\/www.instagram.com\/_stellamina_\/\">Instagram<\/a> gezeigt. Kaum ein Outfit ohne meine Schl\u00fcpfer. Sie sind von <a href=\"https:\/\/www.noah-shop.com\">Noah Italian Vegan Shoes<\/a>, einem Label, das ausschlie\u00dflich aus\u00a0veganen Materialien in Italien unter fairen Arbeitsbedingungen in Kleinserie handfertigt.<\/li>\n<\/ul>\n<p>[\/vc_column_text][vc_custom_heading text=&#8221;&#8220;Wien bleibt Wien, das ist das Sch\u00f6ne dran. Wien bleibt Wien, dass man sich dran gew\u00f6hnen kann.&#8220; Georg Kreisler &#8221; font_container=&#8221;tag:h4|text_align:center&#8221; google_fonts=&#8221;font_family:Nothing%20You%20Could%20Do%3Aregular|font_style:400%20regular%3A400%3Anormal&#8221;][vc_single_image image=&#8221;9418&#8243; img_size=&#8221;full&#8221; alignment=&#8221;center&#8221;][vc_single_image image=&#8221;9417&#8243; img_size=&#8221;full&#8221; alignment=&#8221;center&#8221;][vc_empty_space][vc_column_text]<\/p>\n<p style=\"text-align: justify;\">Danke an <a href=\"https:\/\/www.instagram.com\/ladyvenom\/\">ladyvenom<\/a>\u00a0f\u00fcr die gro\u00dfartigen Bilder und Videos. Es war mir ein Freudenfest mit dir durch die Stadt zu tanzen!!<\/p>\n<p>Und durch welche Stadt tanzt du?[\/vc_column_text][\/vc_column][\/vc_row]<\/p>\n","protected":false},"excerpt":{"rendered":"<p>Wien bleibt Wien, das ist das Sch\u00f6ne dran. Wien bleibt Wien, dass man sich dran g&#8217;w\u00f6hnen kann. Und Wien ist, wo du gerade bist! <\/p>\n","protected":false},"author":1,"featured_media":9415,"comment_status":"open","ping_status":"open","sticky":false,"template":"","format":"standard","meta":{"jetpack_post_was_ever_published":false,"_jetpack_newsletter_access":"","_jetpack_dont_email_post_to_subs":false,"_jetpack_newsletter_tier_id":0,"_jetpack_memberships_contains_paywalled_content":false,"_jetpack_memberships_contains_paid_content":false,"footnotes":"","jetpack_publicize_message":"","jetpack_publicize_feature_enabled":true,"jetpack_social_post_already_shared":true,"jetpack_social_options":{"image_generator_settings":{"template":"highway","enabled":false}}},"categories":[1,264,247,248,493],"tags":[780,499,598,677,270,781,782,326],"jetpack_publicize_connections":[],"yoast_head":"<!-- This site is optimized with the Yoast SEO plugin v20.5 - https:\/\/yoast.com\/wordpress\/plugins\/seo\/ -->\n<title>Wien ist anders. Ich auch. 5 Gr\u00fcnde, FAIRliebt in Wien zu sein. - stellamina<\/title>\n<meta name=\"description\" content=\"Wien bleibt Wien, das ist das Sch\u00f6ne dran. Wien bleibt Wien, dass man sich dran g&#039;w\u00f6hnen kann. Und Wien ist, wo du gerade bist!\" \/>\n<meta name=\"robots\" content=\"index, follow, max-snippet:-1, max-image-preview:large, max-video-preview:-1\" \/>\n<link rel=\"canonical\" href=\"https:\/\/www.stellamina.com\/portfolio\/fairliebt-in-wien-3\/\" \/>\n<meta property=\"og:locale\" content=\"en_US\" \/>\n<meta property=\"og:type\" content=\"article\" \/>\n<meta property=\"og:title\" content=\"Wien ist anders. Ich auch. 5 Gr\u00fcnde, FAIRliebt in Wien zu sein. - stellamina\" \/>\n<meta property=\"og:description\" content=\"Wien bleibt Wien, das ist das Sch\u00f6ne dran. Wien bleibt Wien, dass man sich dran g&#039;w\u00f6hnen kann. Und Wien ist, wo du gerade bist!\" \/>\n<meta property=\"og:url\" content=\"https:\/\/www.stellamina.com\/portfolio\/fairliebt-in-wien-3\/\" \/>\n<meta property=\"og:site_name\" content=\"STELLAMINA\" \/>\n<meta property=\"article:published_time\" content=\"2016-08-10T17:54:40+00:00\" \/>\n<meta name=\"author\" content=\"Amina Stella Steiner\" \/>\n<meta name=\"twitter:card\" content=\"summary_large_image\" \/>\n<meta name=\"twitter:label1\" content=\"Written by\" \/>\n\t<meta name=\"twitter:data1\" content=\"Amina Stella Steiner\" \/>\n\t<meta name=\"twitter:label2\" content=\"Est. reading time\" \/>\n\t<meta name=\"twitter:data2\" content=\"7 minutes\" \/>\n<script type=\"application\/ld+json\" class=\"yoast-schema-graph\">{\"@context\":\"https:\/\/schema.org\",\"@graph\":[{\"@type\":\"WebPage\",\"@id\":\"https:\/\/www.stellamina.com\/portfolio\/fairliebt-in-wien-3\/\",\"url\":\"https:\/\/www.stellamina.com\/portfolio\/fairliebt-in-wien-3\/\",\"name\":\"Wien ist anders. Ich auch. 5 Gr\u00fcnde, FAIRliebt in Wien zu sein. - stellamina\",\"isPartOf\":{\"@id\":\"http:\/\/www.stellamina.com\/portfolio\/#website\"},\"datePublished\":\"2016-08-10T17:54:40+00:00\",\"dateModified\":\"2016-08-10T17:54:40+00:00\",\"author\":{\"@id\":\"http:\/\/www.stellamina.com\/portfolio\/#\/schema\/person\/e416891c727c671692f6c2c884658304\"},\"description\":\"Wien bleibt Wien, das ist das Sch\u00f6ne dran. Wien bleibt Wien, dass man sich dran g'w\u00f6hnen kann. Und Wien ist, wo du gerade bist!\",\"breadcrumb\":{\"@id\":\"https:\/\/www.stellamina.com\/portfolio\/fairliebt-in-wien-3\/#breadcrumb\"},\"inLanguage\":\"en-US\",\"potentialAction\":[{\"@type\":\"ReadAction\",\"target\":[\"https:\/\/www.stellamina.com\/portfolio\/fairliebt-in-wien-3\/\"]}]},{\"@type\":\"BreadcrumbList\",\"@id\":\"https:\/\/www.stellamina.com\/portfolio\/fairliebt-in-wien-3\/#breadcrumb\",\"itemListElement\":[{\"@type\":\"ListItem\",\"position\":1,\"name\":\"Home\",\"item\":\"https:\/\/www.stellamina.com\/portfolio\/\"},{\"@type\":\"ListItem\",\"position\":2,\"name\":\"Wien ist anders. Ich auch! 5 Gr\u00fcnde, FAIRliebt in Wien zu sein.\"}]},{\"@type\":\"WebSite\",\"@id\":\"http:\/\/www.stellamina.com\/portfolio\/#website\",\"url\":\"http:\/\/www.stellamina.com\/portfolio\/\",\"name\":\"STELLAMINA\",\"description\":\"visual storytelling for a better world\",\"potentialAction\":[{\"@type\":\"SearchAction\",\"target\":{\"@type\":\"EntryPoint\",\"urlTemplate\":\"http:\/\/www.stellamina.com\/portfolio\/?s={search_term_string}\"},\"query-input\":\"required name=search_term_string\"}],\"inLanguage\":\"en-US\"},{\"@type\":\"Person\",\"@id\":\"http:\/\/www.stellamina.com\/portfolio\/#\/schema\/person\/e416891c727c671692f6c2c884658304\",\"name\":\"Amina Stella Steiner\",\"image\":{\"@type\":\"ImageObject\",\"inLanguage\":\"en-US\",\"@id\":\"http:\/\/www.stellamina.com\/portfolio\/#\/schema\/person\/image\/\",\"url\":\"https:\/\/secure.gravatar.com\/avatar\/92319eb31fc9079e66a5daca325443e3?s=96&d=retro&r=g\",\"contentUrl\":\"https:\/\/secure.gravatar.com\/avatar\/92319eb31fc9079e66a5daca325443e3?s=96&d=retro&r=g\",\"caption\":\"Amina Stella Steiner\"},\"url\":\"https:\/\/www.stellamina.com\/portfolio\/author\/amina-stella-steiner\/\"}]}<\/script>\n<!-- \/ Yoast SEO plugin. -->","yoast_head_json":{"title":"Wien ist anders. Ich auch. 5 Gr\u00fcnde, FAIRliebt in Wien zu sein. - stellamina","description":"Wien bleibt Wien, das ist das Sch\u00f6ne dran. Wien bleibt Wien, dass man sich dran g'w\u00f6hnen kann. Und Wien ist, wo du gerade bist!","robots":{"index":"index","follow":"follow","max-snippet":"max-snippet:-1","max-image-preview":"max-image-preview:large","max-video-preview":"max-video-preview:-1"},"canonical":"https:\/\/www.stellamina.com\/portfolio\/fairliebt-in-wien-3\/","og_locale":"en_US","og_type":"article","og_title":"Wien ist anders. Ich auch. 5 Gr\u00fcnde, FAIRliebt in Wien zu sein. - stellamina","og_description":"Wien bleibt Wien, das ist das Sch\u00f6ne dran. Wien bleibt Wien, dass man sich dran g'w\u00f6hnen kann. Und Wien ist, wo du gerade bist!","og_url":"https:\/\/www.stellamina.com\/portfolio\/fairliebt-in-wien-3\/","og_site_name":"STELLAMINA","article_published_time":"2016-08-10T17:54:40+00:00","author":"Amina Stella Steiner","twitter_card":"summary_large_image","twitter_misc":{"Written by":"Amina Stella Steiner","Est. reading time":"7 minutes"},"schema":{"@context":"https:\/\/schema.org","@graph":[{"@type":"WebPage","@id":"https:\/\/www.stellamina.com\/portfolio\/fairliebt-in-wien-3\/","url":"https:\/\/www.stellamina.com\/portfolio\/fairliebt-in-wien-3\/","name":"Wien ist anders. Ich auch. 5 Gr\u00fcnde, FAIRliebt in Wien zu sein. - stellamina","isPartOf":{"@id":"http:\/\/www.stellamina.com\/portfolio\/#website"},"datePublished":"2016-08-10T17:54:40+00:00","dateModified":"2016-08-10T17:54:40+00:00","author":{"@id":"http:\/\/www.stellamina.com\/portfolio\/#\/schema\/person\/e416891c727c671692f6c2c884658304"},"description":"Wien bleibt Wien, das ist das Sch\u00f6ne dran. Wien bleibt Wien, dass man sich dran g'w\u00f6hnen kann. Und Wien ist, wo du gerade bist!","breadcrumb":{"@id":"https:\/\/www.stellamina.com\/portfolio\/fairliebt-in-wien-3\/#breadcrumb"},"inLanguage":"en-US","potentialAction":[{"@type":"ReadAction","target":["https:\/\/www.stellamina.com\/portfolio\/fairliebt-in-wien-3\/"]}]},{"@type":"BreadcrumbList","@id":"https:\/\/www.stellamina.com\/portfolio\/fairliebt-in-wien-3\/#breadcrumb","itemListElement":[{"@type":"ListItem","position":1,"name":"Home","item":"https:\/\/www.stellamina.com\/portfolio\/"},{"@type":"ListItem","position":2,"name":"Wien ist anders. Ich auch! 5 Gr\u00fcnde, FAIRliebt in Wien zu sein."}]},{"@type":"WebSite","@id":"http:\/\/www.stellamina.com\/portfolio\/#website","url":"http:\/\/www.stellamina.com\/portfolio\/","name":"STELLAMINA","description":"visual storytelling for a better world","potentialAction":[{"@type":"SearchAction","target":{"@type":"EntryPoint","urlTemplate":"http:\/\/www.stellamina.com\/portfolio\/?s={search_term_string}"},"query-input":"required name=search_term_string"}],"inLanguage":"en-US"},{"@type":"Person","@id":"http:\/\/www.stellamina.com\/portfolio\/#\/schema\/person\/e416891c727c671692f6c2c884658304","name":"Amina Stella Steiner","image":{"@type":"ImageObject","inLanguage":"en-US","@id":"http:\/\/www.stellamina.com\/portfolio\/#\/schema\/person\/image\/","url":"https:\/\/secure.gravatar.com\/avatar\/92319eb31fc9079e66a5daca325443e3?s=96&d=retro&r=g","contentUrl":"https:\/\/secure.gravatar.com\/avatar\/92319eb31fc9079e66a5daca325443e3?s=96&d=retro&r=g","caption":"Amina Stella Steiner"},"url":"https:\/\/www.stellamina.com\/portfolio\/author\/amina-stella-steiner\/"}]}},"jetpack_featured_media_url":"","jetpack_sharing_enabled":true,"jetpack_shortlink":"https:\/\/wp.me\/p80DMU-2rw","amp_enabled":true,"_links":{"self":[{"href":"https:\/\/www.stellamina.com\/portfolio\/wp-json\/wp\/v2\/posts\/9394"}],"collection":[{"href":"https:\/\/www.stellamina.com\/portfolio\/wp-json\/wp\/v2\/posts"}],"about":[{"href":"https:\/\/www.stellamina.com\/portfolio\/wp-json\/wp\/v2\/types\/post"}],"author":[{"embeddable":true,"href":"https:\/\/www.stellamina.com\/portfolio\/wp-json\/wp\/v2\/users\/1"}],"replies":[{"embeddable":true,"href":"https:\/\/www.stellamina.com\/portfolio\/wp-json\/wp\/v2\/comments?post=9394"}],"version-history":[{"count":0,"href":"https:\/\/www.stellamina.com\/portfolio\/wp-json\/wp\/v2\/posts\/9394\/revisions"}],"wp:featuredmedia":[{"embeddable":true,"href":"https:\/\/www.stellamina.com\/portfolio\/wp-json\/"}],"wp:attachment":[{"href":"https:\/\/www.stellamina.com\/portfolio\/wp-json\/wp\/v2\/media?parent=9394"}],"wp:term":[{"taxonomy":"category","embeddable":true,"href":"https:\/\/www.stellamina.com\/portfolio\/wp-json\/wp\/v2\/categories?post=9394"},{"taxonomy":"post_tag","embeddable":true,"href":"https:\/\/www.stellamina.com\/portfolio\/wp-json\/wp\/v2\/tags?post=9394"}],"curies":[{"name":"wp","href":"https:\/\/api.w.org\/{rel}","templated":true}]}}