{"id":9633,"date":"2016-09-08T21:36:56","date_gmt":"2016-09-08T19:36:56","guid":{"rendered":"http:\/\/www.stellamina.com\/?p=9633"},"modified":"2016-09-08T21:36:56","modified_gmt":"2016-09-08T19:36:56","slug":"sommernachtstraum","status":"publish","type":"post","link":"https:\/\/www.stellamina.com\/portfolio\/sommernachtstraum\/","title":{"rendered":"\u00dcber das Leben zwischen Realit\u00e4t und Sommernachtstraum."},"content":{"rendered":"<p>[vc_row][vc_column][vc_empty_space][vc_column_text]<\/p>\n<p style=\"text-align: justify;\">Vor einigen Tagen erreichte mich eine Nachricht von einem guten Freund aus Schottland. \u201e<em>Looks like you are living the good live at the moment!<\/em>\u201c stand da und bezog sich auf meinen vor Sonnenschein strahlenden Instagram Account.<\/p>\n<p style=\"text-align: justify;\">Zwei Klicks sp\u00e4ter wanderten auch meine Augen \u00fcber die Bilder und ich musste feststellen: \u00a0Stimmt. Sieht nett aus. Ton in Ton. Sonnenschein. Lachende Gesichter und gutes Essen. Die F\u00fc\u00dfe im Meer und ein gr\u00fcner Smoothie in der Hand, wie man sich den Sommer w\u00fcnscht und vorstellt.<br \/>\nIch schwelgte in Erinnerung an die sch\u00f6nen Momente der letzten Monate. Die Reise nach Kroatien mit Ana, der Kurzurlaub mit meiner Mutter und so manches feine Fr\u00fchst\u00fcck, dass sich irgendwie auf meine Bettdecke verirrt hat. Momente die ich genau so erlebt und genossen habe.<\/p>\n<p>[\/vc_column_text][vc_gallery interval=&#8221;3&#8243; images=&#8221;9669,9668,9667,9666,9718&#8243; img_size=&#8221;large&#8221;][vc_column_text]<\/p>\n<p style=\"text-align: justify;\">Nicht zu sehen im Feed: Momente der Verzweiflung vor den Pr\u00fcfungen, beinahe Schreikr\u00e4mpfe als sich mein Word-Programm beim Schreiben der Arbeiten zum tausendsten Mal gekillt\u00a0hat und Augenringe nach einer langen Nacht.<br \/>\nWarum ich diese Momente nicht auf Instagram teile? Weil ich mich selbst der sch\u00f6nen kleinen Momente erinnern m\u00f6chte und weil es oft diese Momente \u00a0in Verbindung mit meinen Worten sind, die andere inspirieren.<\/p>\n<p>[\/vc_column_text][vc_custom_heading text=&#8221;Da gilt es zu feiern, recht lange zu schlafen und ganz ohne Tadel dann gem\u00fctlich beisammen die Sommernacht reizvoll zu verplaudern. &#8221; font_container=&#8221;tag:h4|text_align:center&#8221; google_fonts=&#8221;font_family:Satisfy%3Aregular|font_style:400%20regular%3A400%3Anormal&#8221;][vc_single_image image=&#8221;9647&#8243; img_size=&#8221;full&#8221; add_caption=&#8221;yes&#8221; alignment=&#8221;center&#8221;][vc_empty_space][vc_column_text]<\/p>\n<p style=\"text-align: justify;\">Instagram wird wie so mach anderen Sozialen Medien vorgeworfen oberfl\u00e4chlich zu sein und ein inszeniertes Bild zu vermitteln &#8211; fern won Wahrheit und Realit\u00e4t. Es stimmt schon, es gibt so einige Accounts, die 1:1 austauschbar sind, perfekt in Szene gesetzt und inszeniert und auch ich habe im\u00a0letzten Jahr viel gelernt, \u00fcber Fotografie, Belichtung und Bildbearbeitung, \u00a0und dar\u00fcber, was auf Instagram &amp; Co. gern gesehen wird und was nicht.<\/p>\n<p style=\"text-align: justify;\">Doch anstatt den Regel f\u00fcr den perfekten Post zu folgen, habe ich meinen Account zu einem Dauerexperiment und Tagebuch meiner Weiterentwicklung gemacht &#8211; auf professioneller aber vor allem auch pers\u00f6nlicher Ebene.<br \/>\nShades of grey and beige dank Bearbeitung, Tiefensch\u00e4rfe dank neuem Objektiv und das perfekte Foto beim ersten Klick dank immer ge\u00fcbterem Auge. Das Ergebnis: ein recht ansehnliches Bild von Momenten die ich genau so erlebt habe und mit euch teilen m\u00f6chte.<\/p>\n<p>[\/vc_column_text][vc_empty_space][vc_single_image image=&#8221;9717&#8243; img_size=&#8221;full&#8221; alignment=&#8221;center&#8221;][vc_single_image image=&#8221;9641&#8243; img_size=&#8221;full&#8221; alignment=&#8221;center&#8221;][vc_empty_space][vc_column_text]<\/p>\n<p style=\"text-align: justify;\">Es sind Momente, die zu einem bewussteren, langsameren und nachhaltigen Lebensstil inspirieren sollen. Momente die zeigen, dass das mit der M\u00fcllreduktion gar nicht so schwierig ist und dass veganes Essen auch richtig lecker sein kann. Momente voll Freundschaft, Liebe und Genuss. Momente mit denen ich versuche meinen Beitrag zu einer besseren Welt zu leisten.<\/p>\n<p style=\"text-align: justify;\">Was sich nur in manchen der Bilder versteckt: die Botschaft, dass ich selbst im Urlaub jeden Tag arbeite, dass abschalten kaum m\u00f6glich ist, wenn man immer auf der Suche nach dem unbekannten ist und dass ich diesen Sommernachtstraum leben darf, weil ich viel daf\u00fcr tue.<\/p>\n<p>[\/vc_column_text][\/vc_column][\/vc_row][vc_row][vc_column width=&#8221;1\/2&#8243;][vc_single_image image=&#8221;9646&#8243; img_size=&#8221;full&#8221; alignment=&#8221;center&#8221;][\/vc_column][vc_column width=&#8221;1\/2&#8243;][vc_single_image image=&#8221;9644&#8243; img_size=&#8221;full&#8221; alignment=&#8221;center&#8221;][\/vc_column][\/vc_row][vc_row][vc_column width=&#8221;1\/2&#8243;][vc_single_image image=&#8221;9645&#8243; img_size=&#8221;full&#8221; alignment=&#8221;center&#8221;][\/vc_column][vc_column width=&#8221;1\/2&#8243;][vc_single_image image=&#8221;9643&#8243; img_size=&#8221;full&#8221; alignment=&#8221;center&#8221;][\/vc_column][\/vc_row][vc_row][vc_column][vc_empty_space][vc_column_text]<\/p>\n<p style=\"text-align: justify;\">Es gibt immer mehr Menschen, die Instagram und andere Plattformen nutzen, um ihre Botschaft in die Welt hinauszutragen &#8211; nicht jene von Glamour und Glitzer, sondern die von einer faireren Welt. Schaut doch zum Beispiel mal bei\u00a0<a href=\"https:\/\/www.instagram.com\/fashionfika\/\" target=\"_blank\">Fashion Fika<\/a>,\u00a0<a href=\"https:\/\/www.instagram.com\/atleastblog\/\" target=\"_blank\">at least<\/a>,\u00a0<a href=\"https:\/\/www.instagram.com\/heylilahey\/\" target=\"_blank\">heylilahey<\/a>,\u00a0<a href=\"https:\/\/www.instagram.com\/dariadaria_com\/\" target=\"_blank\">DariaDaria<\/a>,\u00a0<a href=\"https:\/\/www.instagram.com\/kunstkinder_mag\/\" target=\"_blank\">Kunstkinder Mag<\/a>,\u00a0<a href=\"https:\/\/www.instagram.com\/justinekeptcalmandwentvegan\/\">Justine kept calm and went vegan<\/a>,\u00a0<a href=\"https:\/\/www.instagram.com\/stryle_tz\/\" target=\"_blank\">Stryletz<\/a>,\u00a0<a href=\"https:\/\/www.instagram.com\/subvoyage\/\" target=\"_blank\">subvoyage<\/a>,\u00a0<a href=\"https:\/\/www.instagram.com\/nicetohavemag\/\">Nice to have Mag<\/a>\u00a0und\u00a0<a href=\"https:\/\/www.instagram.com\/jaeckleundhoesle\/\">J\u00e4ckle &amp; H\u00f6sle<\/a>\u00a0vorbei. Sie alle machen ihren pers\u00f6nlichen Sommernachtstraum zur Wirklichkeit.<\/p>\n<p>[\/vc_column_text][vc_column_text]<\/p>\n<p style=\"text-align: justify;\">Wenn ich ganz ehrlich bin, sind die sch\u00f6nsten Momente sowieso auf keinem Feed der Welt zu finden, denn ich denen schaltet man hoffentlich Kamera und Handy ab &#8211; und in der Nacht, ja da ist das Licht ja sowieso aus \ud83d\ude09<\/p>\n<p>[\/vc_column_text][\/vc_column][\/vc_row][vc_row][vc_column][vc_column_text]<\/p>\n<pre style=\"text-align: justify;\">*** Die Fotos in Kroatien hat die wunderbare <a href=\"https:\/\/www.instagram.com\/anasbarros\/\">anasbarros<\/a> f\u00fcr eine Kampagne mit <a href=\"https:\/\/www.instagram.com\/amazonkindle\/\">Amazon Kindle<\/a> gemacht, zu der ich sie begleiten durfte!<\/pre>\n<p>[\/vc_column_text][\/vc_column][\/vc_row]<\/p>\n","protected":false},"excerpt":{"rendered":"<p>Die Wahrheit zwischen beige und grau, Sandstrand und gr\u00fcnen Smoothies. \u00dcber Inszenierung und die gr\u00fcne Botschaft hinter meinem Instagram Account.<\/p>\n","protected":false},"author":1,"featured_media":9649,"comment_status":"open","ping_status":"open","sticky":false,"template":"","format":"standard","meta":{"jetpack_post_was_ever_published":false,"_jetpack_newsletter_access":"","_jetpack_dont_email_post_to_subs":true,"_jetpack_newsletter_tier_id":0,"_jetpack_memberships_contains_paywalled_content":false,"_jetpack_memberships_contains_paid_content":false,"footnotes":"","jetpack_publicize_message":"","jetpack_publicize_feature_enabled":true,"jetpack_social_post_already_shared":true,"jetpack_social_options":{"image_generator_settings":{"template":"highway","enabled":false}}},"categories":[1,264,493],"tags":[250,270,775,800,801,272],"jetpack_publicize_connections":[],"yoast_head":"<!-- This site is optimized with the Yoast SEO plugin v20.5 - https:\/\/yoast.com\/wordpress\/plugins\/seo\/ -->\n<title>\u00dcber das Leben zwischen Realit\u00e4t und Sommernachtstraum. - stellamina<\/title>\n<meta name=\"description\" content=\"Die Wahrheit zwischen beige und grau, Sandstrand und gr\u00fcnen Smoothies. \u00dcber Inszenierung und die gr\u00fcne Botschaft hinter meinem Instagram Account.\" \/>\n<meta name=\"robots\" content=\"index, follow, max-snippet:-1, max-image-preview:large, max-video-preview:-1\" \/>\n<link rel=\"canonical\" href=\"http:\/\/www.stellamina.com\/portfolio\/sommernachtstraum\/\" \/>\n<meta property=\"og:locale\" content=\"en_US\" \/>\n<meta property=\"og:type\" content=\"article\" \/>\n<meta property=\"og:title\" content=\"\u00dcber das Leben zwischen Realit\u00e4t und Sommernachtstraum. - stellamina\" \/>\n<meta property=\"og:description\" content=\"Die Wahrheit zwischen beige und grau, Sandstrand und gr\u00fcnen Smoothies. \u00dcber Inszenierung und die gr\u00fcne Botschaft hinter meinem Instagram Account.\" \/>\n<meta property=\"og:url\" content=\"http:\/\/www.stellamina.com\/portfolio\/sommernachtstraum\/\" \/>\n<meta property=\"og:site_name\" content=\"STELLAMINA\" \/>\n<meta property=\"article:published_time\" content=\"2016-09-08T19:36:56+00:00\" \/>\n<meta name=\"author\" content=\"Amina Stella Steiner\" \/>\n<meta name=\"twitter:card\" content=\"summary_large_image\" \/>\n<meta name=\"twitter:label1\" content=\"Written by\" \/>\n\t<meta name=\"twitter:data1\" content=\"Amina Stella Steiner\" \/>\n\t<meta name=\"twitter:label2\" content=\"Est. reading time\" \/>\n\t<meta name=\"twitter:data2\" content=\"4 minutes\" \/>\n<script type=\"application\/ld+json\" class=\"yoast-schema-graph\">{\"@context\":\"https:\/\/schema.org\",\"@graph\":[{\"@type\":\"WebPage\",\"@id\":\"http:\/\/www.stellamina.com\/portfolio\/sommernachtstraum\/\",\"url\":\"http:\/\/www.stellamina.com\/portfolio\/sommernachtstraum\/\",\"name\":\"\u00dcber das Leben zwischen Realit\u00e4t und Sommernachtstraum. - stellamina\",\"isPartOf\":{\"@id\":\"http:\/\/www.stellamina.com\/portfolio\/#website\"},\"datePublished\":\"2016-09-08T19:36:56+00:00\",\"dateModified\":\"2016-09-08T19:36:56+00:00\",\"author\":{\"@id\":\"http:\/\/www.stellamina.com\/portfolio\/#\/schema\/person\/e416891c727c671692f6c2c884658304\"},\"description\":\"Die Wahrheit zwischen beige und grau, Sandstrand und gr\u00fcnen Smoothies. \u00dcber Inszenierung und die gr\u00fcne Botschaft hinter meinem Instagram Account.\",\"breadcrumb\":{\"@id\":\"http:\/\/www.stellamina.com\/portfolio\/sommernachtstraum\/#breadcrumb\"},\"inLanguage\":\"en-US\",\"potentialAction\":[{\"@type\":\"ReadAction\",\"target\":[\"http:\/\/www.stellamina.com\/portfolio\/sommernachtstraum\/\"]}]},{\"@type\":\"BreadcrumbList\",\"@id\":\"http:\/\/www.stellamina.com\/portfolio\/sommernachtstraum\/#breadcrumb\",\"itemListElement\":[{\"@type\":\"ListItem\",\"position\":1,\"name\":\"Home\",\"item\":\"https:\/\/www.stellamina.com\/portfolio\/\"},{\"@type\":\"ListItem\",\"position\":2,\"name\":\"\u00dcber das Leben zwischen Realit\u00e4t und Sommernachtstraum.\"}]},{\"@type\":\"WebSite\",\"@id\":\"http:\/\/www.stellamina.com\/portfolio\/#website\",\"url\":\"http:\/\/www.stellamina.com\/portfolio\/\",\"name\":\"STELLAMINA\",\"description\":\"visual storytelling for a better world\",\"potentialAction\":[{\"@type\":\"SearchAction\",\"target\":{\"@type\":\"EntryPoint\",\"urlTemplate\":\"http:\/\/www.stellamina.com\/portfolio\/?s={search_term_string}\"},\"query-input\":\"required name=search_term_string\"}],\"inLanguage\":\"en-US\"},{\"@type\":\"Person\",\"@id\":\"http:\/\/www.stellamina.com\/portfolio\/#\/schema\/person\/e416891c727c671692f6c2c884658304\",\"name\":\"Amina Stella Steiner\",\"image\":{\"@type\":\"ImageObject\",\"inLanguage\":\"en-US\",\"@id\":\"http:\/\/www.stellamina.com\/portfolio\/#\/schema\/person\/image\/\",\"url\":\"https:\/\/secure.gravatar.com\/avatar\/92319eb31fc9079e66a5daca325443e3?s=96&d=retro&r=g\",\"contentUrl\":\"https:\/\/secure.gravatar.com\/avatar\/92319eb31fc9079e66a5daca325443e3?s=96&d=retro&r=g\",\"caption\":\"Amina Stella Steiner\"},\"url\":\"https:\/\/www.stellamina.com\/portfolio\/author\/amina-stella-steiner\/\"}]}<\/script>\n<!-- \/ Yoast SEO plugin. -->","yoast_head_json":{"title":"\u00dcber das Leben zwischen Realit\u00e4t und Sommernachtstraum. - stellamina","description":"Die Wahrheit zwischen beige und grau, Sandstrand und gr\u00fcnen Smoothies. \u00dcber Inszenierung und die gr\u00fcne Botschaft hinter meinem Instagram Account.","robots":{"index":"index","follow":"follow","max-snippet":"max-snippet:-1","max-image-preview":"max-image-preview:large","max-video-preview":"max-video-preview:-1"},"canonical":"http:\/\/www.stellamina.com\/portfolio\/sommernachtstraum\/","og_locale":"en_US","og_type":"article","og_title":"\u00dcber das Leben zwischen Realit\u00e4t und Sommernachtstraum. - stellamina","og_description":"Die Wahrheit zwischen beige und grau, Sandstrand und gr\u00fcnen Smoothies. \u00dcber Inszenierung und die gr\u00fcne Botschaft hinter meinem Instagram Account.","og_url":"http:\/\/www.stellamina.com\/portfolio\/sommernachtstraum\/","og_site_name":"STELLAMINA","article_published_time":"2016-09-08T19:36:56+00:00","author":"Amina Stella Steiner","twitter_card":"summary_large_image","twitter_misc":{"Written by":"Amina Stella Steiner","Est. reading time":"4 minutes"},"schema":{"@context":"https:\/\/schema.org","@graph":[{"@type":"WebPage","@id":"http:\/\/www.stellamina.com\/portfolio\/sommernachtstraum\/","url":"http:\/\/www.stellamina.com\/portfolio\/sommernachtstraum\/","name":"\u00dcber das Leben zwischen Realit\u00e4t und Sommernachtstraum. - stellamina","isPartOf":{"@id":"http:\/\/www.stellamina.com\/portfolio\/#website"},"datePublished":"2016-09-08T19:36:56+00:00","dateModified":"2016-09-08T19:36:56+00:00","author":{"@id":"http:\/\/www.stellamina.com\/portfolio\/#\/schema\/person\/e416891c727c671692f6c2c884658304"},"description":"Die Wahrheit zwischen beige und grau, Sandstrand und gr\u00fcnen Smoothies. \u00dcber Inszenierung und die gr\u00fcne Botschaft hinter meinem Instagram Account.","breadcrumb":{"@id":"http:\/\/www.stellamina.com\/portfolio\/sommernachtstraum\/#breadcrumb"},"inLanguage":"en-US","potentialAction":[{"@type":"ReadAction","target":["http:\/\/www.stellamina.com\/portfolio\/sommernachtstraum\/"]}]},{"@type":"BreadcrumbList","@id":"http:\/\/www.stellamina.com\/portfolio\/sommernachtstraum\/#breadcrumb","itemListElement":[{"@type":"ListItem","position":1,"name":"Home","item":"https:\/\/www.stellamina.com\/portfolio\/"},{"@type":"ListItem","position":2,"name":"\u00dcber das Leben zwischen Realit\u00e4t und Sommernachtstraum."}]},{"@type":"WebSite","@id":"http:\/\/www.stellamina.com\/portfolio\/#website","url":"http:\/\/www.stellamina.com\/portfolio\/","name":"STELLAMINA","description":"visual storytelling for a better world","potentialAction":[{"@type":"SearchAction","target":{"@type":"EntryPoint","urlTemplate":"http:\/\/www.stellamina.com\/portfolio\/?s={search_term_string}"},"query-input":"required name=search_term_string"}],"inLanguage":"en-US"},{"@type":"Person","@id":"http:\/\/www.stellamina.com\/portfolio\/#\/schema\/person\/e416891c727c671692f6c2c884658304","name":"Amina Stella Steiner","image":{"@type":"ImageObject","inLanguage":"en-US","@id":"http:\/\/www.stellamina.com\/portfolio\/#\/schema\/person\/image\/","url":"https:\/\/secure.gravatar.com\/avatar\/92319eb31fc9079e66a5daca325443e3?s=96&d=retro&r=g","contentUrl":"https:\/\/secure.gravatar.com\/avatar\/92319eb31fc9079e66a5daca325443e3?s=96&d=retro&r=g","caption":"Amina Stella Steiner"},"url":"https:\/\/www.stellamina.com\/portfolio\/author\/amina-stella-steiner\/"}]}},"jetpack_featured_media_url":"","jetpack_sharing_enabled":true,"jetpack_shortlink":"https:\/\/wp.me\/p80DMU-2vn","amp_enabled":true,"_links":{"self":[{"href":"https:\/\/www.stellamina.com\/portfolio\/wp-json\/wp\/v2\/posts\/9633"}],"collection":[{"href":"https:\/\/www.stellamina.com\/portfolio\/wp-json\/wp\/v2\/posts"}],"about":[{"href":"https:\/\/www.stellamina.com\/portfolio\/wp-json\/wp\/v2\/types\/post"}],"author":[{"embeddable":true,"href":"https:\/\/www.stellamina.com\/portfolio\/wp-json\/wp\/v2\/users\/1"}],"replies":[{"embeddable":true,"href":"https:\/\/www.stellamina.com\/portfolio\/wp-json\/wp\/v2\/comments?post=9633"}],"version-history":[{"count":0,"href":"https:\/\/www.stellamina.com\/portfolio\/wp-json\/wp\/v2\/posts\/9633\/revisions"}],"wp:featuredmedia":[{"embeddable":true,"href":"https:\/\/www.stellamina.com\/portfolio\/wp-json\/"}],"wp:attachment":[{"href":"https:\/\/www.stellamina.com\/portfolio\/wp-json\/wp\/v2\/media?parent=9633"}],"wp:term":[{"taxonomy":"category","embeddable":true,"href":"https:\/\/www.stellamina.com\/portfolio\/wp-json\/wp\/v2\/categories?post=9633"},{"taxonomy":"post_tag","embeddable":true,"href":"https:\/\/www.stellamina.com\/portfolio\/wp-json\/wp\/v2\/tags?post=9633"}],"curies":[{"name":"wp","href":"https:\/\/api.w.org\/{rel}","templated":true}]}}